{"id":1351,"date":"2018-09-11T18:12:43","date_gmt":"2018-09-11T18:12:43","guid":{"rendered":"http:\/\/www.antilhuelontue.cl\/?p=1351"},"modified":"2018-09-11T18:13:24","modified_gmt":"2018-09-11T18:13:24","slug":"saludo-fiestas-patrias","status":"publish","type":"post","link":"https:\/\/www.antilhuelontue.cl\/?p=1351","title":{"rendered":"Saludo Fiestas Patrias"},"content":{"rendered":"<div>\n<p>&nbsp;<\/p>\n<p>Estimadas familias de nuestro colegio de Lontu\u00e9<\/p>\n<p>en esta zona del maule, los acordes de las fiestas de septiembre\u00a0 en homenaje a la patria nos alegran y nos comprometen:<\/p>\n<p>&#8211; Nos alegran porque Chile es un pa\u00eds en paz ,donde nuestros hijos pueden crecer con la esperanza de unirse al esfuerzo de todos los que contribuyeron un dia a que este pa\u00eds sea reconocido por la calidad\u00a0 humana de nuestra gente.<\/p>\n<p>&#8211;\u00a0 Nos compromete a cuidar los valores de la patria respetando este ambiente natural maravilloso, animando a\u00a0 que trabajemos por\u00a0 producir los frutos de la tierra de modo sustentable, que haya trabajo digno y que en fin las familias puedan confiar en el criterio de sus gobernantes para el bien de todos.<\/p>\n<p>Este a\u00f1o queremos invitarles a compartir la fiesta de Chile el d\u00eda mi\u00e9rcoles 26 de septiembre desde las 10 hrs. en nuestro colegio,\u00a0 donde cada curso se ha preparado para esta hermosa fiesta folcl\u00f3rica, pero a la vez deseo\u00a0\u00a0<strong>recordar que todas las familias\u00a0 est\u00e1n\u00a0 invitadas a nuestro proceso de admisi\u00f3n\u00a02019.\u00a0<\/strong>recordando que solo los cursos de pre-kinder, primero b\u00e1sico, s\u00e9ptimo b\u00e1sico y primeros medios postulan por Internet.<\/p>\n<p>Para el a\u00f1o 2019 en todos los otros\u00a0 cursos deben acercarse a retirar ficha de postulacion directo en inspectoria.<\/p>\n<p>Les deseo sinceramente unas fiestas inolvidables en el cari\u00f1o de sus familias.<\/p>\n<\/div>\n<div><\/div>\n<div><strong>Mylene Mu\u00f1oz R.<\/strong><\/div>\n<div>Directora<\/div>\n<div>Colegio T\u00e9cnico Antilhue<\/div>\n","protected":false},"excerpt":{"rendered":"<p>&nbsp; Estimadas familias de nuestro colegio de Lontu\u00e9 en esta zona del maule, los acordes de las fiestas de septiembre\u00a0 en homenaje a la patria nos alegran y&hellip; <\/p>\n","protected":false},"author":1,"featured_media":1352,"comment_status":"closed","ping_status":"closed","sticky":false,"template":"","format":"standard","meta":{"footnotes":""},"categories":[40,1],"tags":[],"class_list":["post-1351","post","type-post","status-publish","format-standard","has-post-thumbnail","hentry","category-colegio","category-dire"],"_links":{"self":[{"href":"https:\/\/www.antilhuelontue.cl\/index.php?rest_route=\/wp\/v2\/posts\/1351","targetHints":{"allow":["GET"]}}],"collection":[{"href":"https:\/\/www.antilhuelontue.cl\/index.php?rest_route=\/wp\/v2\/posts"}],"about":[{"href":"https:\/\/www.antilhuelontue.cl\/index.php?rest_route=\/wp\/v2\/types\/post"}],"author":[{"embeddable":true,"href":"https:\/\/www.antilhuelontue.cl\/index.php?rest_route=\/wp\/v2\/users\/1"}],"replies":[{"embeddable":true,"href":"https:\/\/www.antilhuelontue.cl\/index.php?rest_route=%2Fwp%2Fv2%2Fcomments&post=1351"}],"version-history":[{"count":1,"href":"https:\/\/www.antilhuelontue.cl\/index.php?rest_route=\/wp\/v2\/posts\/1351\/revisions"}],"predecessor-version":[{"id":1353,"href":"https:\/\/www.antilhuelontue.cl\/index.php?rest_route=\/wp\/v2\/posts\/1351\/revisions\/1353"}],"wp:featuredmedia":[{"embeddable":true,"href":"https:\/\/www.antilhuelontue.cl\/index.php?rest_route=\/wp\/v2\/media\/1352"}],"wp:attachment":[{"href":"https:\/\/www.antilhuelontue.cl\/index.php?rest_route=%2Fwp%2Fv2%2Fmedia&parent=1351"}],"wp:term":[{"taxonomy":"category","embeddable":true,"href":"https:\/\/www.antilhuelontue.cl\/index.php?rest_route=%2Fwp%2Fv2%2Fcategories&post=1351"},{"taxonomy":"post_tag","embeddable":true,"href":"https:\/\/www.antilhuelontue.cl\/index.php?rest_route=%2Fwp%2Fv2%2Ftags&post=1351"}],"curies":[{"name":"wp","href":"https:\/\/api.w.org\/{rel}","templated":true}]}}