{"id":1389,"date":"2018-09-26T17:31:44","date_gmt":"2018-09-26T17:31:44","guid":{"rendered":"http:\/\/www.antilhuelontue.cl\/?p=1389"},"modified":"2018-09-26T18:24:29","modified_gmt":"2018-09-26T18:24:29","slug":"celebracion-de-fiestas-patrias","status":"publish","type":"post","link":"https:\/\/www.antilhuelontue.cl\/?p=1389","title":{"rendered":"Celebraci\u00f3n de Fiestas Patrias"},"content":{"rendered":"<p>Este mi\u00e9rcoles se realiz\u00f3 la celebraci\u00f3n de fiestas patrias en nuestro establecimiento, en presencia de la alcaldesa de Molina Sra. Priscilla Castillo Gerli y el Alcalde de Curic\u00f3 Don Javier Mu\u00f1oz Riquelme, adem\u00e1s de la autoridad Policial, de Educaci\u00f3n Comunal, Funcionarios de nuestro colegio, Profesores, Padres y Apoderados.<\/p>\n<p>Por la ma\u00f1ana se realiz\u00f3 el acto oficial en homenaje a la patria en donde alumnos de ense\u00f1anza Media, realizaron la presentaci\u00f3n de bailes t\u00edpicos y adem\u00e1s se enfatiz\u00f3 en el rol de la mujer en el contexto del Arte, Pueblos Originarios, Grandes Escritoras e Independencia de Chile.<\/p>\n<p>En La jornada de la tarde se realizaron las ventas de comidas y juegos t\u00edpicos por parte de la Ense\u00f1anza B\u00e1sica.<\/p>\n<p>Te dejamos las mejores im\u00e1genes de esta celebraci\u00f3n (pincha la imagen para agrandar).<\/p>\n<p>[WRGF id=1396]<\/p>\n","protected":false},"excerpt":{"rendered":"<p>Este mi\u00e9rcoles se realiz\u00f3 la celebraci\u00f3n de fiestas patrias en nuestro establecimiento, en presencia de la alcaldesa de Molina Sra. Priscilla Castillo Gerli y el Alcalde de Curic\u00f3&hellip; <\/p>\n","protected":false},"author":1,"featured_media":1433,"comment_status":"closed","ping_status":"closed","sticky":false,"template":"","format":"standard","meta":{"footnotes":""},"categories":[40],"tags":[],"class_list":["post-1389","post","type-post","status-publish","format-standard","has-post-thumbnail","hentry","category-colegio"],"_links":{"self":[{"href":"https:\/\/www.antilhuelontue.cl\/index.php?rest_route=\/wp\/v2\/posts\/1389","targetHints":{"allow":["GET"]}}],"collection":[{"href":"https:\/\/www.antilhuelontue.cl\/index.php?rest_route=\/wp\/v2\/posts"}],"about":[{"href":"https:\/\/www.antilhuelontue.cl\/index.php?rest_route=\/wp\/v2\/types\/post"}],"author":[{"embeddable":true,"href":"https:\/\/www.antilhuelontue.cl\/index.php?rest_route=\/wp\/v2\/users\/1"}],"replies":[{"embeddable":true,"href":"https:\/\/www.antilhuelontue.cl\/index.php?rest_route=%2Fwp%2Fv2%2Fcomments&post=1389"}],"version-history":[{"count":6,"href":"https:\/\/www.antilhuelontue.cl\/index.php?rest_route=\/wp\/v2\/posts\/1389\/revisions"}],"predecessor-version":[{"id":1430,"href":"https:\/\/www.antilhuelontue.cl\/index.php?rest_route=\/wp\/v2\/posts\/1389\/revisions\/1430"}],"wp:featuredmedia":[{"embeddable":true,"href":"https:\/\/www.antilhuelontue.cl\/index.php?rest_route=\/wp\/v2\/media\/1433"}],"wp:attachment":[{"href":"https:\/\/www.antilhuelontue.cl\/index.php?rest_route=%2Fwp%2Fv2%2Fmedia&parent=1389"}],"wp:term":[{"taxonomy":"category","embeddable":true,"href":"https:\/\/www.antilhuelontue.cl\/index.php?rest_route=%2Fwp%2Fv2%2Fcategories&post=1389"},{"taxonomy":"post_tag","embeddable":true,"href":"https:\/\/www.antilhuelontue.cl\/index.php?rest_route=%2Fwp%2Fv2%2Ftags&post=1389"}],"curies":[{"name":"wp","href":"https:\/\/api.w.org\/{rel}","templated":true}]}}