{"id":2199,"date":"2018-12-07T16:16:13","date_gmt":"2018-12-07T16:16:13","guid":{"rendered":"http:\/\/www.antilhuelontue.cl\/?p=2199"},"modified":"2018-12-07T16:18:26","modified_gmt":"2018-12-07T16:18:26","slug":"proceso-2019-yo-elijo-mi-pc","status":"publish","type":"post","link":"https:\/\/www.antilhuelontue.cl\/?p=2199","title":{"rendered":"Proceso 2019 Yo Elijo Mi PC"},"content":{"rendered":"<h3 class=\"title\"><\/h3>\n<div class=\"contenido\">\n<p>Ya est\u00e1 disponible el cat\u00e1logo para que elijas tu equipo,\u00a0<a href=\"http:\/\/catalogo.yoelijomipc.cl\/yempc_beneficiario\/index.php\/catalogo\/\"><strong>aqu\u00ed<\/strong><\/a>.<\/p>\n<p>Recuerda que\u00a0<strong>si no eliges antes del\u00a021 de diciembre del 2018, Junaeb te asignar\u00e1\u00a0un computador entre los\u00a0equipos disponibles<\/strong>.<\/p>\n<p>Elige entre equipos ultraportables:<\/p>\n<p><img loading=\"lazy\" decoding=\"async\" class=\"alignnone size-thumbnail wp-image-324\" src=\"http:\/\/www.yoelijomipc.cl\/wp-content\/uploads\/2016\/04\/acer03-150x150.png\" sizes=\"auto, (max-width: 150px) 100vw, 150px\" srcset=\"http:\/\/www.yoelijomipc.cl\/wp-content\/uploads\/2016\/04\/acer03-150x150.png 150w, http:\/\/www.yoelijomipc.cl\/wp-content\/uploads\/2016\/04\/acer03-300x300.png 300w, http:\/\/www.yoelijomipc.cl\/wp-content\/uploads\/2016\/04\/acer03.png 500w\" alt=\"acer03\" width=\"150\" height=\"150\" \/><img loading=\"lazy\" decoding=\"async\" class=\"alignnone size-thumbnail wp-image-322\" src=\"http:\/\/www.yoelijomipc.cl\/wp-content\/uploads\/2016\/04\/acer01-150x150.png\" sizes=\"auto, (max-width: 150px) 100vw, 150px\" srcset=\"http:\/\/www.yoelijomipc.cl\/wp-content\/uploads\/2016\/04\/acer01-150x150.png 150w, http:\/\/www.yoelijomipc.cl\/wp-content\/uploads\/2016\/04\/acer01-300x300.png 300w, http:\/\/www.yoelijomipc.cl\/wp-content\/uploads\/2016\/04\/acer01.png 500w\" alt=\"acer01\" width=\"150\" height=\"150\" \/><img loading=\"lazy\" decoding=\"async\" class=\"alignnone size-thumbnail wp-image-326\" src=\"http:\/\/www.yoelijomipc.cl\/wp-content\/uploads\/2016\/04\/HP02-150x150.jpg\" sizes=\"auto, (max-width: 150px) 100vw, 150px\" srcset=\"http:\/\/www.yoelijomipc.cl\/wp-content\/uploads\/2016\/04\/HP02-150x150.jpg 150w, http:\/\/www.yoelijomipc.cl\/wp-content\/uploads\/2016\/04\/HP02-300x300.jpg 300w, http:\/\/www.yoelijomipc.cl\/wp-content\/uploads\/2016\/04\/HP02.jpg 500w\" alt=\"HP02\" width=\"150\" height=\"150\" \/><img loading=\"lazy\" decoding=\"async\" class=\"alignnone size-thumbnail wp-image-325\" src=\"http:\/\/www.yoelijomipc.cl\/wp-content\/uploads\/2016\/04\/HP01-150x150.jpg\" sizes=\"auto, (max-width: 150px) 100vw, 150px\" srcset=\"http:\/\/www.yoelijomipc.cl\/wp-content\/uploads\/2016\/04\/HP01-150x150.jpg 150w, http:\/\/www.yoelijomipc.cl\/wp-content\/uploads\/2016\/04\/HP01-300x300.jpg 300w, http:\/\/www.yoelijomipc.cl\/wp-content\/uploads\/2016\/04\/HP01.jpg 500w\" alt=\"HP01\" width=\"150\" height=\"150\" \/><\/p>\n<p>O gr\u00e1fico:<\/p>\n<p><img loading=\"lazy\" decoding=\"async\" class=\"alignnone size-thumbnail wp-image-320\" src=\"http:\/\/www.yoelijomipc.cl\/wp-content\/uploads\/2016\/04\/03_IDEAPAD_330_Hero_Front_forward_facing_JD-150x150.png\" alt=\"03_IDEAPAD_330_Hero_Front_forward_facing_JD\" width=\"150\" height=\"150\" \/><img loading=\"lazy\" decoding=\"async\" class=\"alignnone size-thumbnail wp-image-319\" src=\"http:\/\/www.yoelijomipc.cl\/wp-content\/uploads\/2016\/04\/01_IDEAPAD_330_Hero_Rear_facing_left-150x150.png\" alt=\"01_IDEAPAD_330_Hero_Rear_facing_left\" width=\"150\" height=\"150\" \/><\/p>\n<\/div>\n<p>Los criterios definidos para su entrega son:<\/p>\n<ul>\n<li>Cursar S\u00e9ptimo b\u00e1sico en Marzo del 2019 en un colegio subvencionado.<\/li>\n<li>Para la preselecci\u00f3n, los alumnos deben encontrarse en el tramo del 40% Calificaci\u00f3n Socioecon\u00f3mica (CSE) \u00a0seg\u00fan registro social de hogares a septiembre 2018.<\/li>\n<li>Haber cursado y aprobado cuarto a\u00f1o b\u00e1sico en el a\u00f1o 2016 y quinto a\u00f1o b\u00e1sico en el a\u00f1o 2017 con promedio mayor o igual a 5.9.<\/li>\n<li>La selecci\u00f3n definitiva de los estudiantes se realizar\u00e1 verificando que estos se encuentren matriculados en 7\u00ba b\u00e1sico al 31\/03\/2019, en establecimientos educacionales del sistema subvencionado.<\/li>\n<\/ul>\n","protected":false},"excerpt":{"rendered":"<p>Ya est\u00e1 disponible el cat\u00e1logo para que elijas tu equipo,\u00a0aqu\u00ed. Recuerda que\u00a0si no eliges antes del\u00a021 de diciembre del 2018, Junaeb te asignar\u00e1\u00a0un computador entre los\u00a0equipos disponibles. Elige&hellip; <\/p>\n","protected":false},"author":1,"featured_media":2200,"comment_status":"open","ping_status":"open","sticky":false,"template":"","format":"standard","meta":{"footnotes":""},"categories":[40],"tags":[],"class_list":["post-2199","post","type-post","status-publish","format-standard","has-post-thumbnail","hentry","category-colegio"],"_links":{"self":[{"href":"https:\/\/www.antilhuelontue.cl\/index.php?rest_route=\/wp\/v2\/posts\/2199","targetHints":{"allow":["GET"]}}],"collection":[{"href":"https:\/\/www.antilhuelontue.cl\/index.php?rest_route=\/wp\/v2\/posts"}],"about":[{"href":"https:\/\/www.antilhuelontue.cl\/index.php?rest_route=\/wp\/v2\/types\/post"}],"author":[{"embeddable":true,"href":"https:\/\/www.antilhuelontue.cl\/index.php?rest_route=\/wp\/v2\/users\/1"}],"replies":[{"embeddable":true,"href":"https:\/\/www.antilhuelontue.cl\/index.php?rest_route=%2Fwp%2Fv2%2Fcomments&post=2199"}],"version-history":[{"count":2,"href":"https:\/\/www.antilhuelontue.cl\/index.php?rest_route=\/wp\/v2\/posts\/2199\/revisions"}],"predecessor-version":[{"id":2202,"href":"https:\/\/www.antilhuelontue.cl\/index.php?rest_route=\/wp\/v2\/posts\/2199\/revisions\/2202"}],"wp:featuredmedia":[{"embeddable":true,"href":"https:\/\/www.antilhuelontue.cl\/index.php?rest_route=\/wp\/v2\/media\/2200"}],"wp:attachment":[{"href":"https:\/\/www.antilhuelontue.cl\/index.php?rest_route=%2Fwp%2Fv2%2Fmedia&parent=2199"}],"wp:term":[{"taxonomy":"category","embeddable":true,"href":"https:\/\/www.antilhuelontue.cl\/index.php?rest_route=%2Fwp%2Fv2%2Fcategories&post=2199"},{"taxonomy":"post_tag","embeddable":true,"href":"https:\/\/www.antilhuelontue.cl\/index.php?rest_route=%2Fwp%2Fv2%2Ftags&post=2199"}],"curies":[{"name":"wp","href":"https:\/\/api.w.org\/{rel}","templated":true}]}}