{"id":2856,"date":"2019-08-26T23:25:48","date_gmt":"2019-08-26T23:25:48","guid":{"rendered":"http:\/\/www.antilhuelontue.cl\/?p=2856"},"modified":"2019-08-26T23:26:53","modified_gmt":"2019-08-26T23:26:53","slug":"exitosa-version-de-la-feria-pyme-2019","status":"publish","type":"post","link":"https:\/\/www.antilhuelontue.cl\/?p=2856","title":{"rendered":"Exitosa versi\u00f3n de la Feria Pyme 2019"},"content":{"rendered":"\n<p>Este Lunes 26 de Agosto en el marco del D\u00eda de la Educaci\u00f3n T\u00e9cnico Profesional, nuestro establecimiento se traslad\u00f3 hasta la plaza de Molina donde se realiz\u00f3 la Feria Pyme con diversos Stands preparados por los alumnos de 4\u00b0 Administraci\u00f3n, en donde tuvieron la oportunidad de mostrar al p\u00fablico sus empresas y productos, en su mayor\u00eda de material 100%  Reciclado.<\/p>\n\n\n\n<p>La actividad fu\u00e9 inaugurada con el tradicional corte de cinta por nuestra Directora, la encargada de la carrera de administraci\u00f3n y jefe de UTP.<\/p>\n\n\n\n<p>Las actividades TP contin\u00faan en agenda para este martes est\u00e1 programado el Seminario T\u00e9cnico profesional en el Teatro Municipal de Molina, \u00a1Todos invitados!<\/p>\n\n\n\n<p>[WRGF id=2858]<\/p>\n","protected":false},"excerpt":{"rendered":"<p>Este Lunes 26 de Agosto en el marco del D\u00eda de la Educaci\u00f3n T\u00e9cnico Profesional, nuestro establecimiento se traslad\u00f3 hasta la plaza de Molina donde se realiz\u00f3 la&hellip; <\/p>\n","protected":false},"author":1,"featured_media":2877,"comment_status":"open","ping_status":"open","sticky":false,"template":"","format":"standard","meta":{"footnotes":""},"categories":[40,1,34],"tags":[],"class_list":["post-2856","post","type-post","status-publish","format-standard","has-post-thumbnail","hentry","category-colegio","category-dire","category-especialidad"],"_links":{"self":[{"href":"https:\/\/www.antilhuelontue.cl\/index.php?rest_route=\/wp\/v2\/posts\/2856","targetHints":{"allow":["GET"]}}],"collection":[{"href":"https:\/\/www.antilhuelontue.cl\/index.php?rest_route=\/wp\/v2\/posts"}],"about":[{"href":"https:\/\/www.antilhuelontue.cl\/index.php?rest_route=\/wp\/v2\/types\/post"}],"author":[{"embeddable":true,"href":"https:\/\/www.antilhuelontue.cl\/index.php?rest_route=\/wp\/v2\/users\/1"}],"replies":[{"embeddable":true,"href":"https:\/\/www.antilhuelontue.cl\/index.php?rest_route=%2Fwp%2Fv2%2Fcomments&post=2856"}],"version-history":[{"count":2,"href":"https:\/\/www.antilhuelontue.cl\/index.php?rest_route=\/wp\/v2\/posts\/2856\/revisions"}],"predecessor-version":[{"id":2878,"href":"https:\/\/www.antilhuelontue.cl\/index.php?rest_route=\/wp\/v2\/posts\/2856\/revisions\/2878"}],"wp:featuredmedia":[{"embeddable":true,"href":"https:\/\/www.antilhuelontue.cl\/index.php?rest_route=\/wp\/v2\/media\/2877"}],"wp:attachment":[{"href":"https:\/\/www.antilhuelontue.cl\/index.php?rest_route=%2Fwp%2Fv2%2Fmedia&parent=2856"}],"wp:term":[{"taxonomy":"category","embeddable":true,"href":"https:\/\/www.antilhuelontue.cl\/index.php?rest_route=%2Fwp%2Fv2%2Fcategories&post=2856"},{"taxonomy":"post_tag","embeddable":true,"href":"https:\/\/www.antilhuelontue.cl\/index.php?rest_route=%2Fwp%2Fv2%2Ftags&post=2856"}],"curies":[{"name":"wp","href":"https:\/\/api.w.org\/{rel}","templated":true}]}}