{"id":2938,"date":"2019-09-06T13:13:30","date_gmt":"2019-09-06T13:13:30","guid":{"rendered":"http:\/\/www.antilhuelontue.cl\/?p=2938"},"modified":"2019-09-06T13:14:24","modified_gmt":"2019-09-06T13:14:24","slug":"saludo-directora-mes-de-la-patria","status":"publish","type":"post","link":"https:\/\/www.antilhuelontue.cl\/?p=2938","title":{"rendered":"Saludo Directora, Mes de la Patria"},"content":{"rendered":"\n<p>Este a\u00f1o 2019 nos ha desafiado a mirar la vida con esperanza, en medio de las dificultades por eso invitamos en este nuevo\u00a0 septiembre a florecer con la naturaleza y asumir que somos parte de esta\u00a0 naturaleza y de la historia\u00a0 patria , en este caso\u00a0 Lontue tiene hitos importantes en este relato.<\/p>\n\n\n\n<p>Este a\u00f1o les invitaremos a mirar con respeto la interculturalidad con otros pueblos americanos y a comprometerse como familia Antilhue rememorando la integraci\u00f3n de Am\u00e9rica Latina.<\/p>\n\n\n\n<p>Todos los cursos\u00a0 est\u00e1n invitados a representar nuestro baile nacional\u00a0 el d\u00eda 13,  Mientras\u00a0 la educaci\u00f3n b\u00e1sica esta a cargo de preparar nuestra fiesta patri\u00f3tica: encuentro con la negaci\u00f3n americana a celebrase el d\u00eda 26\u00a0 de septiembre, es nuestra propia fiesta del folclor,\u00a0 fiesta para la familia y esperamos que lo asuman as\u00ed desde cada uno de los subcentros de padres y una vez mas se apoye la gesti\u00f3n del centro general que ha\u00a0 incrementado\u00a0 con expresiones de la cultura esta hermosa fiesta de nuestra comunidad educativa.<\/p>\n\n\n\n<p>Celebremos como merecemos al ser parte de la Familia Antilhue, ven\u00a0 a participar te esperamos.<\/p>\n\n\n\n<p>Mylene Mu\u00f1oz Riquelme, Directora.<\/p>\n","protected":false},"excerpt":{"rendered":"<p>Este a\u00f1o 2019 nos ha desafiado a mirar la vida con esperanza, en medio de las dificultades por eso invitamos en este nuevo\u00a0 septiembre a florecer con la&hellip; <\/p>\n","protected":false},"author":1,"featured_media":2919,"comment_status":"open","ping_status":"open","sticky":false,"template":"","format":"standard","meta":{"footnotes":""},"categories":[40,1],"tags":[],"class_list":["post-2938","post","type-post","status-publish","format-standard","has-post-thumbnail","hentry","category-colegio","category-dire"],"_links":{"self":[{"href":"https:\/\/www.antilhuelontue.cl\/index.php?rest_route=\/wp\/v2\/posts\/2938","targetHints":{"allow":["GET"]}}],"collection":[{"href":"https:\/\/www.antilhuelontue.cl\/index.php?rest_route=\/wp\/v2\/posts"}],"about":[{"href":"https:\/\/www.antilhuelontue.cl\/index.php?rest_route=\/wp\/v2\/types\/post"}],"author":[{"embeddable":true,"href":"https:\/\/www.antilhuelontue.cl\/index.php?rest_route=\/wp\/v2\/users\/1"}],"replies":[{"embeddable":true,"href":"https:\/\/www.antilhuelontue.cl\/index.php?rest_route=%2Fwp%2Fv2%2Fcomments&post=2938"}],"version-history":[{"count":1,"href":"https:\/\/www.antilhuelontue.cl\/index.php?rest_route=\/wp\/v2\/posts\/2938\/revisions"}],"predecessor-version":[{"id":2939,"href":"https:\/\/www.antilhuelontue.cl\/index.php?rest_route=\/wp\/v2\/posts\/2938\/revisions\/2939"}],"wp:featuredmedia":[{"embeddable":true,"href":"https:\/\/www.antilhuelontue.cl\/index.php?rest_route=\/wp\/v2\/media\/2919"}],"wp:attachment":[{"href":"https:\/\/www.antilhuelontue.cl\/index.php?rest_route=%2Fwp%2Fv2%2Fmedia&parent=2938"}],"wp:term":[{"taxonomy":"category","embeddable":true,"href":"https:\/\/www.antilhuelontue.cl\/index.php?rest_route=%2Fwp%2Fv2%2Fcategories&post=2938"},{"taxonomy":"post_tag","embeddable":true,"href":"https:\/\/www.antilhuelontue.cl\/index.php?rest_route=%2Fwp%2Fv2%2Ftags&post=2938"}],"curies":[{"name":"wp","href":"https:\/\/api.w.org\/{rel}","templated":true}]}}