{"id":3028,"date":"2019-10-02T15:22:03","date_gmt":"2019-10-02T15:22:03","guid":{"rendered":"http:\/\/www.antilhuelontue.cl\/?p=3028"},"modified":"2019-10-02T16:12:57","modified_gmt":"2019-10-02T16:12:57","slug":"proximamente-jornada-de-debates-antilhue-2019","status":"publish","type":"post","link":"https:\/\/www.antilhuelontue.cl\/?p=3028","title":{"rendered":"\u00a1Pr\u00f3ximamente, Jornada de Debates Antilhue 2019!"},"content":{"rendered":"\n<p>El viernes 11 de octubre se desarrollar\u00e1 la primera jornada de debates en el sal\u00f3n de nuestro establecimiento. Cuya finalidad es potenciar las habilidades comunicativas argumentativas de nuestros y nuestras estudiantes del \u00e1rea Cient\u00edfico Humanista, as\u00ed como, el gusto por la investigaci\u00f3n y el conocimiento.<\/p>\n\n\n\n<p>La actividad a cargo del Departamento de Historia, Geograf\u00eda y Ciencias Sociales, articulada con otras asignaturas, se viene integrando desde hace un tiempo, donde j\u00f3venes de 3ro HC y 4to HC han vivenciado la investigaci\u00f3n, la producci\u00f3n de textos y los ensayos de la puesta en escena con un gran entusiasmo.<\/p>\n\n\n\n<ul class=\"wp-block-gallery columns-2 is-cropped wp-block-gallery-1 is-layout-flex wp-block-gallery-is-layout-flex\"><li class=\"blocks-gallery-item\"><figure><img loading=\"lazy\" decoding=\"async\" width=\"1024\" height=\"576\" src=\"https:\/\/www.antilhuelontue.cl\/wp-content\/uploads\/2019\/10\/WhatsApp-Image-2019-10-02-at-12.30.31-1-1024x576.jpeg\" alt=\"\" data-id=\"3031\" data-link=\"https:\/\/www.antilhuelontue.cl\/?attachment_id=3031\" class=\"wp-image-3031\" srcset=\"https:\/\/www.antilhuelontue.cl\/wp-content\/uploads\/2019\/10\/WhatsApp-Image-2019-10-02-at-12.30.31-1-1024x576.jpeg 1024w, https:\/\/www.antilhuelontue.cl\/wp-content\/uploads\/2019\/10\/WhatsApp-Image-2019-10-02-at-12.30.31-1-300x169.jpeg 300w, https:\/\/www.antilhuelontue.cl\/wp-content\/uploads\/2019\/10\/WhatsApp-Image-2019-10-02-at-12.30.31-1-768x432.jpeg 768w, https:\/\/www.antilhuelontue.cl\/wp-content\/uploads\/2019\/10\/WhatsApp-Image-2019-10-02-at-12.30.31-1.jpeg 1280w\" sizes=\"auto, (max-width: 1024px) 100vw, 1024px\" \/><\/figure><\/li><li class=\"blocks-gallery-item\"><figure><img loading=\"lazy\" decoding=\"async\" width=\"768\" height=\"1024\" src=\"https:\/\/www.antilhuelontue.cl\/wp-content\/uploads\/2019\/10\/WhatsApp-Image-2019-10-02-at-12.30.31-768x1024.jpeg\" alt=\"\" data-id=\"3032\" data-link=\"https:\/\/www.antilhuelontue.cl\/?attachment_id=3032\" class=\"wp-image-3032\" srcset=\"https:\/\/www.antilhuelontue.cl\/wp-content\/uploads\/2019\/10\/WhatsApp-Image-2019-10-02-at-12.30.31-768x1024.jpeg 768w, https:\/\/www.antilhuelontue.cl\/wp-content\/uploads\/2019\/10\/WhatsApp-Image-2019-10-02-at-12.30.31-225x300.jpeg 225w, https:\/\/www.antilhuelontue.cl\/wp-content\/uploads\/2019\/10\/WhatsApp-Image-2019-10-02-at-12.30.31.jpeg 960w\" sizes=\"auto, (max-width: 768px) 100vw, 768px\" \/><\/figure><\/li><\/ul>\n","protected":false},"excerpt":{"rendered":"<p>El viernes 11 de octubre se desarrollar\u00e1 la primera jornada de debates en el sal\u00f3n de nuestro establecimiento. Cuya finalidad es potenciar las habilidades comunicativas argumentativas de nuestros&hellip; <\/p>\n","protected":false},"author":1,"featured_media":3034,"comment_status":"open","ping_status":"open","sticky":false,"template":"","format":"standard","meta":{"footnotes":""},"categories":[40,50],"tags":[],"class_list":["post-3028","post","type-post","status-publish","format-standard","has-post-thumbnail","hentry","category-colegio","category-humanista-cientifico"],"_links":{"self":[{"href":"https:\/\/www.antilhuelontue.cl\/index.php?rest_route=\/wp\/v2\/posts\/3028","targetHints":{"allow":["GET"]}}],"collection":[{"href":"https:\/\/www.antilhuelontue.cl\/index.php?rest_route=\/wp\/v2\/posts"}],"about":[{"href":"https:\/\/www.antilhuelontue.cl\/index.php?rest_route=\/wp\/v2\/types\/post"}],"author":[{"embeddable":true,"href":"https:\/\/www.antilhuelontue.cl\/index.php?rest_route=\/wp\/v2\/users\/1"}],"replies":[{"embeddable":true,"href":"https:\/\/www.antilhuelontue.cl\/index.php?rest_route=%2Fwp%2Fv2%2Fcomments&post=3028"}],"version-history":[{"count":3,"href":"https:\/\/www.antilhuelontue.cl\/index.php?rest_route=\/wp\/v2\/posts\/3028\/revisions"}],"predecessor-version":[{"id":3035,"href":"https:\/\/www.antilhuelontue.cl\/index.php?rest_route=\/wp\/v2\/posts\/3028\/revisions\/3035"}],"wp:featuredmedia":[{"embeddable":true,"href":"https:\/\/www.antilhuelontue.cl\/index.php?rest_route=\/wp\/v2\/media\/3034"}],"wp:attachment":[{"href":"https:\/\/www.antilhuelontue.cl\/index.php?rest_route=%2Fwp%2Fv2%2Fmedia&parent=3028"}],"wp:term":[{"taxonomy":"category","embeddable":true,"href":"https:\/\/www.antilhuelontue.cl\/index.php?rest_route=%2Fwp%2Fv2%2Fcategories&post=3028"},{"taxonomy":"post_tag","embeddable":true,"href":"https:\/\/www.antilhuelontue.cl\/index.php?rest_route=%2Fwp%2Fv2%2Ftags&post=3028"}],"curies":[{"name":"wp","href":"https:\/\/api.w.org\/{rel}","templated":true}]}}