{"id":3157,"date":"2019-08-09T13:24:01","date_gmt":"2019-08-09T13:24:01","guid":{"rendered":"http:\/\/www.antilhuelontue.cl\/?p=3157"},"modified":"2019-10-22T13:24:37","modified_gmt":"2019-10-22T13:24:37","slug":"primera-revista-de-gimnasia-de-educacion-parvularia-2019","status":"publish","type":"post","link":"https:\/\/www.antilhuelontue.cl\/?p=3157","title":{"rendered":"Primera Revista de gimnasia de educaci\u00f3n parvularia 2019"},"content":{"rendered":"\n<p>Este viernes 09 de agosto, se realiz\u00f3 la primera revista de gimnasia de educaci\u00f3n parvularia en  nuestro establecimiento, esta muestra se trabaj\u00f3 dentro del marco curricular cuyo objetivo es resolver desaf\u00edos pr\u00e1cticos manteniendo control equilibrio  coordinaci\u00f3n en los diversos movimientos y posturas del cuerpo.<\/p>\n\n\n\n<p>El proyecto contempla el m\u00e9todo de participaci\u00f3n psicomotora y la confianza en la percepci\u00f3n corporal y espacial, propiciando a la vez el entendimiento del sano vivir.<\/p>\n\n\n\n<p>La actividad estuvo a cargo de la encargada del \u00e1rea de educaci\u00f3n f\u00edsica Pre-escolar Marcela Gomez Arcos<\/p>\n\n\n\n<p>[WRGF id=3140]<\/p>\n","protected":false},"excerpt":{"rendered":"<p>Este viernes 09 de agosto, se realiz\u00f3 la primera revista de gimnasia de educaci\u00f3n parvularia en nuestro establecimiento, esta muestra se trabaj\u00f3 dentro del marco curricular cuyo objetivo&hellip; <\/p>\n","protected":false},"author":1,"featured_media":3159,"comment_status":"open","ping_status":"open","sticky":false,"template":"","format":"standard","meta":{"footnotes":""},"categories":[40,42],"tags":[],"class_list":["post-3157","post","type-post","status-publish","format-standard","has-post-thumbnail","hentry","category-colegio","category-parvulos"],"_links":{"self":[{"href":"https:\/\/www.antilhuelontue.cl\/index.php?rest_route=\/wp\/v2\/posts\/3157","targetHints":{"allow":["GET"]}}],"collection":[{"href":"https:\/\/www.antilhuelontue.cl\/index.php?rest_route=\/wp\/v2\/posts"}],"about":[{"href":"https:\/\/www.antilhuelontue.cl\/index.php?rest_route=\/wp\/v2\/types\/post"}],"author":[{"embeddable":true,"href":"https:\/\/www.antilhuelontue.cl\/index.php?rest_route=\/wp\/v2\/users\/1"}],"replies":[{"embeddable":true,"href":"https:\/\/www.antilhuelontue.cl\/index.php?rest_route=%2Fwp%2Fv2%2Fcomments&post=3157"}],"version-history":[{"count":2,"href":"https:\/\/www.antilhuelontue.cl\/index.php?rest_route=\/wp\/v2\/posts\/3157\/revisions"}],"predecessor-version":[{"id":3160,"href":"https:\/\/www.antilhuelontue.cl\/index.php?rest_route=\/wp\/v2\/posts\/3157\/revisions\/3160"}],"wp:featuredmedia":[{"embeddable":true,"href":"https:\/\/www.antilhuelontue.cl\/index.php?rest_route=\/wp\/v2\/media\/3159"}],"wp:attachment":[{"href":"https:\/\/www.antilhuelontue.cl\/index.php?rest_route=%2Fwp%2Fv2%2Fmedia&parent=3157"}],"wp:term":[{"taxonomy":"category","embeddable":true,"href":"https:\/\/www.antilhuelontue.cl\/index.php?rest_route=%2Fwp%2Fv2%2Fcategories&post=3157"},{"taxonomy":"post_tag","embeddable":true,"href":"https:\/\/www.antilhuelontue.cl\/index.php?rest_route=%2Fwp%2Fv2%2Ftags&post=3157"}],"curies":[{"name":"wp","href":"https:\/\/api.w.org\/{rel}","templated":true}]}}