{"id":3458,"date":"2019-12-19T11:17:55","date_gmt":"2019-12-19T11:17:55","guid":{"rendered":"http:\/\/www.antilhuelontue.cl\/?p=3458"},"modified":"2019-12-19T12:22:35","modified_gmt":"2019-12-19T12:22:35","slug":"3458","status":"publish","type":"post","link":"https:\/\/www.antilhuelontue.cl\/?p=3458","title":{"rendered":"Plan Lector 2020"},"content":{"rendered":"\n<p>Nuestro colegio, fomenta la lectura de sus alumnos en distintos \u00e1mbitos, la lectura es una gran herramienta para la formaci\u00f3n cognitiva e intelectual de todo ser humano.<\/p>\n\n\n\n<p>A continuaci\u00f3n encontrar\u00e1 la lista de textos sugeridos durante el a\u00f1o escolar separados por los cursos respectivos adem\u00e1s de su disponibilidad en biblioteca del colegio y en la plataforma webclass, recuerda que puedes acceder a Webclass en el sitio <strong><a href=\"http:\/\/proyecto.webescuela.cl\">http:\/\/proyecto.webescuela.cl<\/a><\/strong> all\u00ed debes ingresar tu rut sin puntos y con gui\u00f3n y la clave por defecto<strong> 12345<\/strong>, luego de ingresar, el sistema te pedir\u00e1 crear una clave nueva.<\/p>\n\n\n\n<p><strong>ENSE\u00d1ANZA B\u00c1SICA<\/strong><\/p>\n\n\n\n<p><strong>1\u00b0 B\u00c1SICO<\/strong><\/p>\n\n\n\n<div class=\"wp-block-group\"><div class=\"wp-block-group__inner-container is-layout-flow wp-block-group-is-layout-flow\">\n<figure class=\"wp-block-table is-style-regular\"><table class=\"\"><tbody><tr><td>\n  <strong>MES <\/strong>\n  <\/td><td>\n  <strong>TEXTOS<\/strong>\n  <\/td><td>\n  <strong>BIBLIO-CRA<\/strong>\n  <\/td><td>\n  <strong>WEBCLASS<\/strong>\n  <\/td><\/tr><tr><td>\n  <strong>MARZO:&nbsp; <\/strong><strong><\/strong>\n  <\/td><td>\n  Tomasito (Graciela Beatriz Cabal)\n  <\/td><td>   \u00a0   Disponible<\/td><td>   \u00a0    Disponible <\/td><\/tr><tr><td>\n  <strong>ABRIL:\n  &nbsp;&nbsp;&nbsp;&nbsp; <\/strong><strong><\/strong>\n  <\/td><td>\n  El Diente desobediente de Roc\u00edo\n  (Mauricio Paredes)\n  <\/td><td>  Disponible   \u00a0   <\/td><td>   \u00a0    Disponible <\/td><\/tr><tr><td>\n  <strong>MAYO:<\/strong><strong><\/strong>\n  <\/td><td>\n  Los Mejores Amigos (Rachel Anderson)\n  <\/td><td>\n  x\n  <\/td><td>\n  x\n  <\/td><\/tr><tr><td>\n  <strong>JUNIO:\n  &nbsp;&nbsp;&nbsp; <\/strong><strong><\/strong>\n  <\/td><td>\n  La Polilla del Ba\u00fal(Mario Carvajal)\n  <\/td><td>   Disponible  \u00a0   <\/td><td>   \u00a0   Disponible  <\/td><\/tr><tr><td>\n  <strong>AGOSTO:<\/strong><strong><\/strong>\n  <\/td><td>\n  El Gorila Razan (Mar\u00eda luisa Silva)\n  <\/td><td>   \u00a0  Disponible   <\/td><td>\n  x\n  <\/td><\/tr><tr><td>\n  <strong>SEPTIEMBRE:<\/strong><strong><\/strong>\n  <\/td><td>\n  La Historia de Babar(Yean de Brunhaff)\n  <\/td><td>   \u00a0    Disponible <\/td><td>   \u00a0    Disponible <\/td><\/tr><tr><td>\n  <strong>OCTUBRE:<\/strong><strong><\/strong>\n  <\/td><td>\n  El oso que no lo era (Frank Tashlin)\n  <\/td><td>   \u00a0  Disponible   <\/td><td>   \u00a0    Disponible <\/td><\/tr><\/tbody><\/table><\/figure>\n<\/div><\/div>\n\n\n\n<p><strong>2\u00b0 B\u00c1SICO<\/strong><\/p>\n\n\n\n<figure class=\"wp-block-table\"><table class=\"\"><tbody><tr><td>\n  Mes\n  <\/td><td>\n  Nombre del libro\n  <\/td><td>\n  <strong>BIBLIO-CRA<\/strong>\n  <\/td><td>\n  <strong>WEBCLASS<\/strong>\n  <\/td><\/tr><tr><td>\n  Marzo\n  <\/td><td>\n  Amigos en el bosque (Ana Mar\u00eda\n  Illantes)\n  <\/td><td>   \u00a0   Disponible  <\/td><td>   \u00a0    Disponible <\/td><\/tr><tr><td>\n  Abril\n  <\/td><td>\n  Era que se era (Mar\u00eda de la Luz Uribe)\n  <\/td><td>   \u00a0   Disponible  <\/td><td>   \u00a0    Disponible <\/td><\/tr><tr><td>\n  Mayo\n  <\/td><td>\n  El Viaje de Babar (Yean de Brunhoff)\n  <\/td><td>   \u00a0  Disponible   <\/td><td>   \u00a0    Disponible <\/td><\/tr><tr><td>\n  Junio\n  <\/td><td>\n  El Le\u00f3n y su tercer de deseo (Beatriz\n  Rojas)\n  <\/td><td>\n  x\n  <\/td><td>   \u00a0 Disponible    <\/td><\/tr><tr><td>\n  Agosto \n  <\/td><td>\n  Delia Degu y su Sombrero (Cecilia\n  Beauchat)\n  <\/td><td>   \u00a0    Disponible <\/td><td>   \u00a0    Disponible <\/td><\/tr><tr><td>\n  Septiembre\n  <\/td><td>\n  Eva su Tan (Andrea Maturana)\n  <\/td><td>   \u00a0    Disponible <\/td><td>   \u00a0    Disponible <\/td><\/tr><tr><td>\n  Octubre \n  <\/td><td>\n  Tranquila y su Tragguas (Michael ende)\n  <\/td><td>   \u00a0    Disponible <\/td><td>\n  x\n  <\/td><\/tr><\/tbody><\/table><\/figure>\n\n\n\n<p><strong>3\u00b0 B\u00c1SICO<\/strong><\/p>\n\n\n\n<figure class=\"wp-block-table\"><table class=\"\"><tbody><tr><td>\n  Mes\n  <\/td><td>\n  Nombre del libro\n  <\/td><td>\n  <strong>BIBLIO-CRA<\/strong>\n  <\/td><td>\n  <strong>WEBCLASS<\/strong>\n  <\/td><\/tr><tr><td>\n  ABRIL \n  <\/td><td>\n  \u00bfSOY DIX- LESO? POR PAPELUCHO (Marcela Paz)\n  <\/td><td>   <strong>\u00a0<\/strong>    Disponible <\/td><td>\n  <strong>x<\/strong>\n  <\/td><\/tr><tr><td>\n  MAYO \n  <\/td><td>\n  EL SECUESTRO DE LA BIBLIOTECARIA (Margareth Mahy)\n  <\/td><td>   <strong>\u00a0<\/strong>    Disponible <\/td><td><br><br> Disponible    <strong>\u00a0<\/strong>   <\/td><\/tr><tr><td>\n  JUNIO\n  <\/td><td>\n  AMIGOS DEL ALMA (ELVIRA LINDO\/ EMILIO URBERUAGA)\n  <\/td><td>\n  <strong>x<\/strong>\n  <\/td><td>   <strong>\u00a0<\/strong>    Disponible <\/td><\/tr><tr><td>\n  JULIO\n  <\/td><td>\n  \u00a1AY! CUANTO ME QUIERO (MAURICIO PAREDES)\n  <\/td><td>   <strong>\u00a0<\/strong>    Disponible <\/td><td>   <strong>\u00a0<\/strong>    Disponible <\/td><\/tr><tr><td>\n  AGOSTO\n  <\/td><td>\n  LA HISTORIA DE MANU (ANA MARIA DEL RIO)\n  <\/td><td>\n  <strong>x<\/strong>\n  <\/td><td>   <strong>\u00a0<\/strong>    Disponible <\/td><\/tr><tr><td>\n  SEPTIEMBRE\n  <\/td><td>\n  BARTOLO Y LOS\n  COCODRILOS M\u00c1GICOS. Mauricio Paredes\n  <\/td><td>\n  <strong>x<\/strong>\n  <\/td><td>  Disponible   <strong>\u00a0<\/strong>   <\/td><\/tr><tr><td>\n  OCTUBRE \n  <\/td><td>\n  &nbsp;AMARILIS (ANA MARIA DEL RIO)\n  <\/td><td>   <strong>\u00a0<\/strong>  Disponible   <\/td><td>\n  <strong>x<\/strong>\n  <\/td><\/tr><\/tbody><\/table><\/figure>\n\n\n\n<p><strong>4\u00b0 B\u00e1sico<\/strong>&nbsp;<\/p>\n\n\n\n<figure class=\"wp-block-table\"><table class=\"\"><tbody><tr><td>\n  Mes\n  <\/td><td>\n  Nombre del libro\n  <\/td><td>\n  <strong>BIBLIO-CRA<\/strong>\n  <\/td><td>\n  <strong>WEBCLASS<\/strong>\n  <\/td><\/tr><tr><td>\n  Marzo\n  <\/td><td>\n  Mac, el microbio\n  desconocido (Hernan del Solar)\n  <\/td><td>\n  x\n  <\/td><td>   \u00a0    Disponible    <\/td><\/tr><tr><td>\n  Abril\n  <\/td><td>\n  Papelucho ( Marcela Paz)\n  <\/td><td>\n  x\n  <\/td><td>    Disponible    \u00a0   <\/td><\/tr><tr><td>\n  Mayo\n  <\/td><td>\n  Papelucho mi hermana Ji ( Marcela\n  Paz)\n  <\/td><td>\n  x\n  <\/td><td>\n  x\n  <\/td><\/tr><tr><td>\n  Junio\n  <\/td><td>\n  Mi amigo el negro (Felipe\n  Allende )\n  <\/td><td>   \u00a0    Disponible    <\/td><td>    Disponible    \u00a0   <\/td><\/tr><tr><td>\n  Agosto \n  <\/td><td>\n  Papelucho Historiador (\n  Marcela Paz)\n  <\/td><td>   \u00a0    Disponible    <\/td><td>   \u00a0    Disponible    <\/td><\/tr><tr><td>\n  Septiembre\n  <\/td><td>\n  La abuela (Peter Hartling)\n  <\/td><td>\n  x\n  <\/td><td>   \u00a0    Disponible    <\/td><\/tr><tr><td>\n  Octubre \n  <\/td><td>\n  Papelucho en la Cl\u00ednica (\n  Marcela Paz)\n  <\/td><td>   \u00a0    Disponible    <\/td><td>   \u00a0    Disponible    <\/td><\/tr><\/tbody><\/table><\/figure>\n\n\n\n<p><strong>5\u00b0 B\u00e1sico<\/strong>&nbsp;<\/p>\n\n\n\n<figure class=\"wp-block-table\"><table class=\"\"><tbody><tr><td>\n  Mes\n  <\/td><td>\n  Nombre del libro\n  <\/td><td>\n  <strong>BIBLIO-CRA<\/strong>\n  <\/td><td>\n  <strong>WEBCLASS<\/strong>\n  <\/td><\/tr><tr><td>\n  Marzo\n  <\/td><td>\n  Pegaso , el Caballo Alado\n  (Ang\u00e9lica Edwards)\n  <\/td><td>\n  x\n  <\/td><td>\n  &nbsp;\n  <\/td><\/tr><tr><td>\n  Abril\n  <\/td><td>\n  La vuelta al mundo en 80 d\u00edas ( Julio Verne)\n  <\/td><td>\n  x\n  <\/td><td>\n  &nbsp;\n  <\/td><\/tr><tr><td>\n  Mayo\n  <\/td><td>\n  Colmillo Blanco ( London\n  J)\n  <\/td><td>   \u00a0   Disponible  <\/td><td>   \u00a0    Disponible <\/td><\/tr><tr><td>\n  Junio\n  <\/td><td>\n  Robinson&nbsp;Crusoe&nbsp;(Daniel&nbsp;Defoe)\n  <\/td><td>   \u00a0    Disponible <\/td><td>   \u00a0    Disponible <\/td><\/tr><tr><td>\n  Agosto \n  <\/td><td>\n  Perico&nbsp;trepa&nbsp;por&nbsp;Chile&nbsp;(Marcela&nbsp;Paz.&nbsp;Alicia&nbsp;Morel)\n  <\/td><td>   \u00a0   Disponible  <\/td><td>   \u00a0  Disponible   <\/td><\/tr><tr><td>\n  Septiembre\n  <\/td><td>\n  El microbio desconocido (\n  Del Solar, H. Mac)\n  <\/td><td>\n  x\n  <\/td><td>\n  &nbsp;\n  <\/td><\/tr><tr><td>\n  Octubre \n  <\/td><td>\n  El llamado de la selva\n  (London, J)\n  <\/td><td>\n  x\n  <\/td><td>   \u00a0 Disponible    <\/td><\/tr><\/tbody><\/table><\/figure>\n\n\n\n<p><strong>6\u00b0 B\u00e1sico<\/strong><\/p>\n\n\n\n<figure class=\"wp-block-table\"><table class=\"\"><tbody><tr><td>\n  <strong>Mes<\/strong>\n  <\/td><td>\n  <strong>Libro<\/strong>\n  <\/td><td>\n  <strong>Autor<\/strong>\n  <\/td><td>\n  <strong>CRA<\/strong>\n  <\/td><td>\n  <strong>Webclass<\/strong>\n  <\/td><\/tr><tr><td>\n  Marzo \n  <\/td><td>\n  Marienela\n  <\/td><td>\n  Benito P\u00e9rez Galdos\n  <\/td><td>   Disponible   \u00a0   <\/td><td>\n  &nbsp;\n  <\/td><\/tr><tr><td>\n  Abril\n  <\/td><td>\n  El Ni\u00f1o que enloqueci\u00f3 de amor\n  <\/td><td>\n  Eduardo Barrios\n  <\/td><td>   \u00a0    Disponible  <\/td><td> Disponible     \u00a0   <\/td><\/tr><tr><td>\n  Mayo \n  <\/td><td>\n  Preg\u00fantale a&nbsp; Alicia\n  <\/td><td>\n  An\u00f3nimo\n  <\/td><td>   \u00a0    Disponible  <\/td><td>    Disponible  \u00a0   <\/td><\/tr><tr><td>\n  Junio \n  <\/td><td>\n  Papelucho en Vacaciones&nbsp; \n  <\/td><td>\n  Marcela Paz\n  <\/td><td>   \u00a0    Disponible  <\/td><td>   \u00a0  Disponible    <\/td><\/tr><tr><td>\n  Agosto \n  <\/td><td>\n  Oliver Twist\n  <\/td><td>\n  Charles Dickens\n  <\/td><td>   \u00a0    Disponible  <\/td><td>   \u00a0    Disponible  <\/td><\/tr><tr><td>\n  Septiembre\n  <\/td><td>\n  El libro de la selva\n  <\/td><td>\n  Rudyard Kipling\n  <\/td><td>   \u00a0    Disponible  <\/td><td>   \u00a0    Disponible  <\/td><\/tr><tr><td>\n  Octubre\n  <\/td><td>\n  El llamado de la selva &nbsp;\n  <\/td><td>\n  London, J\n  <\/td><td>\n  x\n  <\/td><td>   \u00a0    Disponible  <\/td><\/tr><tr><td>\n  Noviembre\n  <\/td><td>\n  Historia de una Gaviota y del gato que le ense\u00f1\u00f3 a volar\n  <\/td><td>\n  Luis Sep\u00falveda\n  <\/td><td>   \u00a0    Disponible  <\/td><td>   \u00a0   Disponible   <\/td><\/tr><\/tbody><\/table><\/figure>\n\n\n\n<p><strong>7mo<\/strong><\/p>\n\n\n\n<figure class=\"wp-block-table\"><table class=\"\"><tbody><tr><td>\n  <strong>Mes<\/strong>\n  <\/td><td>\n  <strong>Libro<\/strong>\n  <\/td><td>\n  <strong>Autor<\/strong>\n  <\/td><td>\n  <strong>CRA<\/strong>\n  <\/td><td>\n  <strong>Webclass<\/strong>\n  <\/td><\/tr><tr><td>\n  Marzo \n  <\/td><td>\n  La historia de la gaviota y el gato\n  que le ense\u00f1\u00f3 a volar\n  <\/td><td>\n  Luis Sep\u00falveda\n  <\/td><td>\n  6\n  <\/td><td>\n  &nbsp;\n  <\/td><\/tr><tr><td>\n  Abril\n  <\/td><td>\n  El diario de Ana Frank\n  <\/td><td>\n  Ana Frank\n  <\/td><td>\n  8\n  <\/td><td>\n  S\u00ed\n  <\/td><\/tr><tr><td>\n  Mayo \n  <\/td><td>\n  Bibiana y su mundo\n  <\/td><td>\n  Jos\u00e9 Luis Olaizola\n  <\/td><td>\n  4\n  <\/td><td>\n  &nbsp;\n  <\/td><\/tr><tr><td>\n  Junio \n  <\/td><td>\n  Papaito piernas largas\n  <\/td><td>\n  Jean Webster\n  <\/td><td>\n  5\n  <\/td><td>\n  S\u00ed\n  <\/td><\/tr><tr><td>\n  Agosto \n  <\/td><td>\n  El ni\u00f1o con el pijama a rayas\n  <\/td><td>\n  Jhon Byone\n  <\/td><td>\n  2\n  <\/td><td>\n  S\u00ed\n  <\/td><\/tr><tr><td>\n  Septiembre\n  <\/td><td>\n  Charlie y la f\u00e1brica de Chocolates\n  <\/td><td>\n  Roald Dahl\n  <\/td><td>\n  2\n  <\/td><td>\n  S\u00ed\n  <\/td><\/tr><tr><td>\n  Octubre\n  <\/td><td>\n  Selecci\u00f3n de poemas (ser\u00e1 entregado\n  por \n  &nbsp;profesor\/a que imparte la asignatura)\n  <\/td><td>\n  Autores chilenos\n  <\/td><td>\n  &nbsp;\n  <\/td><td>\n  &nbsp;\n  <\/td><\/tr><\/tbody><\/table><\/figure>\n\n\n\n<p><strong>8vo<\/strong><\/p>\n\n\n\n<figure class=\"wp-block-table\"><table class=\"\"><tbody><tr><td>\n  <strong>Mes<\/strong>\n  <\/td><td>\n  <strong>Libro<\/strong>\n  <\/td><td>\n  <strong>Autor<\/strong>\n  <\/td><td>\n  <strong>CRA<\/strong>\n  <\/td><td>\n  <strong>Webclass<\/strong>\n  <\/td><\/tr><tr><td>\n  Marzo\n  \n  <\/td><td>\n  Cien\n  a\u00f1os de soledad\n  <\/td><td>\n  Gabriel\n  Garc\u00eda M\u00e1rquez\n  <\/td><td>\n  3\n  <\/td><td>\n  S\u00ed\n  <\/td><\/tr><tr><td>\n  Abril\n  <\/td><td>\n  El Desquite \n  <\/td><td>\n  Roberto Parra\n  <\/td><td>\n  8\n  <\/td><td>\n  &nbsp;\n  <\/td><\/tr><tr><td>\n  Mayo\n  \n  <\/td><td>\n  Eleg\u00ed Vivir \n  <\/td><td>\n  Daniela\n  Garc\u00eda \n  <\/td><td>\n  1\n  <\/td><td>\n  S\u00ed\n  <\/td><\/tr><tr><td>\n  Junio\n  <\/td><td>\n  Mar\u00eda Nadie\n  <\/td><td>\n  Marta Brunet \n  <\/td><td>\n  4\n  <\/td><td>\n  &nbsp;\n  <\/td><\/tr><tr><td>\n  Agosto\n  <\/td><td>\n  Marianela \n  <\/td><td>\n  Benito P\u00e9rez \n  <\/td><td>\n  2\n  <\/td><td>\n  S\u00ed\n  <\/td><\/tr><tr><td>\n  Septiembre\n  <\/td><td>\n  Selecci\u00f3n de\n  cuentos chilenos \n  <\/td><td>\n  Fidel\n  Sep\u00falveda-\n  Manuel\n  Pereira\n  <\/td><td>\n  5\n  <\/td><td>\n  &nbsp;\n  <\/td><\/tr><tr><td>\n  Octubre\n  <\/td><td>\n  Selecci\u00f3n de poemas\n  (ser\u00e1 entregado por&nbsp; profesor\/a que\n  imparte la asignatura)\n  <\/td><td>\n  Autores\n  latinoamericanos\n  <\/td><td>\n  &nbsp;\n  <\/td><td>\n  &nbsp;\n  <\/td><\/tr><\/tbody><\/table><\/figure>\n\n\n\n<hr class=\"wp-block-separator\"\/>\n\n\n\n<p><strong>ENSE\u00d1ANZA MEDIA<\/strong><\/p>\n\n\n\n<p><strong>1ro medio<\/strong><\/p>\n\n\n\n<figure class=\"wp-block-table\"><table class=\"\"><tbody><tr><td>\n  <strong>Mes<\/strong>\n  <\/td><td>\n  <strong>Libro<\/strong>\n  <\/td><td>\n  <strong>Autor<\/strong>\n  <\/td><td>\n  <strong>CRA<\/strong>\n  <\/td><td>\n  <strong>Webclass<\/strong>\n  <\/td><\/tr><tr><td>\n  Marzo\n  <\/td><td>\n  Querido nadie\n  <\/td><td>\n  Berlie Doherty\n  <\/td><td>\n  13\n  <\/td><td>\n  S\u00ed\n  <\/td><\/tr><tr><td>\n  Abril\n  <\/td><td>\n  Un viejo que\n  le\u00eda novelas de amor\n  <\/td><td>\n  Luis\n  Sep\u00falveda\n  <\/td><td>\n  8\n  <\/td><td>\n  S\u00ed\n  <\/td><\/tr><tr><td>\n  Mayo\n  <\/td><td>\n  Juventud en\n  \u00e9xtasis \n  <\/td><td>\n  Carlos\n  Cuauhtemoc\n  <\/td><td>\n  7\n  <\/td><td>\n  S\u00ed\n  <\/td><\/tr><tr><td>\n  Junio\n  <\/td><td>\n  Pulsaciones \n  <\/td><td>\n  Javier\n  Ruescas y Francesc Miralles\n  <\/td><td>\n  1\n  <\/td><td>\n  &nbsp;\n  <\/td><\/tr><tr><td>\n  Agosto\n  <\/td><td>\n  Latidos \n  <\/td><td>\n  Javier\n  Ruescas y Francesc Miralles\n  <\/td><td>\n  1\n  <\/td><td>\n  &nbsp;\n  <\/td><\/tr><tr><td>\n  Septiembre\n  <\/td><td>\n  Narraciones\n  Extraordinarias\n  <\/td><td>\n  Edgar Allan\n  Poe\n  <\/td><td>\n  2\n  <\/td><td>\n  S\u00ed\n  <\/td><\/tr><tr><td>\n  Octubre\n  <\/td><td>\n  Selecci\u00f3n de\n  poemas (ser\u00e1 entregado por profesor\/a que imparte la asignatura)\n  <\/td><td>\n  Autores\n  curicanos\n  <\/td><td>\n  &nbsp;\n  <\/td><td>\n  &nbsp;\n  <\/td><\/tr><\/tbody><\/table><\/figure>\n\n\n\n<p><strong>2do medio<\/strong><\/p>\n\n\n\n<figure class=\"wp-block-table\"><table class=\"\"><tbody><tr><td>\n  <strong>Mes<\/strong>\n  <\/td><td>\n  <strong>Libro<\/strong>\n  <\/td><td>\n  <strong>Autor<\/strong>\n  <\/td><td>\n  <strong>CRA<\/strong>\n  <\/td><td>\n  <strong>Webclass<\/strong>\n  <\/td><\/tr><tr><td>\n  Marzo \n  <\/td><td>\n  La Mala Clase\n  <\/td><td>\n  Luis Barrales\n  <\/td><td>\n  &nbsp;\n  <\/td><td>\n  S\u00ed\n  <\/td><\/tr><tr><td>\n  Abril\n  <\/td><td>\n  La\n  Metamorfosis \n  <\/td><td>\n  Franz Kafka\n  <\/td><td>\n  5\n  <\/td><td>\n  S\u00ed\n  <\/td><\/tr><tr><td>\n  Mayo \n  <\/td><td>\n  Mala Onda\n  <\/td><td>\n  Alberto\n  Fuguet\n  <\/td><td>\n  4\n  <\/td><td>\n  S\u00ed\n  <\/td><\/tr><tr><td>\n  Junio\n  <\/td><td>\n  Tengo miedo\n  torero\n  <\/td><td>\n  Pedro Lemebel\n  <\/td><td>\n  3\n  <\/td><td>\n  S\u00ed\n  <\/td><\/tr><tr><td>\n  Agosto \n  <\/td><td>\n  Cr\u00f3nica de\n  una Muerte anunciada\n  <\/td><td>\n  Gabriel\n  Garc\u00eda M\u00e1rquez\n  <\/td><td>\n  3\n  <\/td><td>\n  S\u00ed\n  <\/td><\/tr><tr><td>\n  Septiembre\n  <\/td><td>\n  \u00c1nimas de d\u00eda\n  claro\n  <\/td><td>\n  Alejandro\n  Sieveking\n  <\/td><td>\n  1\n  <\/td><td>\n  S\u00ed\n  <\/td><\/tr><tr><td>\n  Octubre\n  <\/td><td>\n  Selecci\u00f3n de\n  poemas (ser\u00e1 entregado por la profesora que imparte la asignatura)\n  <\/td><td>\n  Autores con\n  Premio Nobel \n  <\/td><td>\n  &nbsp;\n  <\/td><td>\n  &nbsp;\n  <\/td><\/tr><\/tbody><\/table><\/figure>\n\n\n\n<p><strong>3ro medio<\/strong><\/p>\n\n\n\n<figure class=\"wp-block-table\"><table class=\"\"><tbody><tr><td>\n  <strong>Mes<\/strong>\n  <\/td><td>\n  <strong>Libro<\/strong>\n  <\/td><td>\n  <strong>Autor<\/strong>\n  <\/td><td>\n  <strong>CRA<\/strong>\n  <\/td><td>\n  <strong>Webclass<\/strong>\n  <\/td><\/tr><tr><td>\n  Marzo \n  <\/td><td>\n  Rebeli\u00f3n en\n  la granja\n  <\/td><td>\n  George Orwell\n  <\/td><td>\n  1\n  <\/td><td>\n  S\u00ed\n  <\/td><\/tr><tr><td>\n  Abril\n  <\/td><td>\n  Hamlet\n  <\/td><td>\n  William\n  Shakespeare\n  <\/td><td>\n  2\n  <\/td><td>\n  S\u00ed\n  <\/td><\/tr><tr><td>\n  Mayo \n  <\/td><td>\n  El caballero\n  de la armadura oxidada \n  <\/td><td>\n  Robert Fisher\n  \n  <\/td><td>\n  2\n  <\/td><td>\n  &nbsp;\n  <\/td><\/tr><tr><td>\n  Junio\n  <\/td><td>\n  El amor en\n  los tiempos del c\u00f3lera\n  <\/td><td>\n  Gabriel\n  Garc\u00eda M\u00e1rquez\n  <\/td><td>\n  0\n  <\/td><td>\n  S\u00ed\n  <\/td><\/tr><tr><td>\n  Agosto\n  <\/td><td>\n  La ni\u00f1a en la\n  palomera\n  <\/td><td>\n  Fernando\n  Cuadra\n  <\/td><td>\n  0\n  <\/td><td>\n  S\u00ed\n  <\/td><\/tr><tr><td>\n  Septiembre\n  <\/td><td>\n  La paradoja\n  <\/td><td>\n  James Hunter\n  <\/td><td>\n  1\n  <\/td><td>\n  S\u00ed\n  <\/td><\/tr><tr><td>\n  Octubre\n  <\/td><td>\n  Selecci\u00f3n de poemas\n  (ser\u00e1 entregado por profesor\/a que imparte la asignatura)\n  <\/td><td>\n  Poetisas\n  chilenas\n  <\/td><td>\n  &nbsp;\n  <\/td><td>\n  &nbsp;\n  <\/td><\/tr><\/tbody><\/table><\/figure>\n\n\n\n<p><strong>4to medio<\/strong><\/p>\n\n\n\n<figure class=\"wp-block-table\"><table class=\"\"><tbody><tr><td>\n  <strong>Mes<\/strong>\n  <\/td><td>\n  <strong>Libro<\/strong>\n  <\/td><td>\n  <strong>Autor<\/strong>\n  <\/td><td>\n  <strong>CRA<\/strong>\n  <\/td><td>\n  <strong>Webclass<\/strong>\n  <\/td><\/tr><tr><td>\n  Marzo \n  <\/td><td>\n  (DES)encuentros\n  (DES)esperados\n  <\/td><td>\n  Andrea\n  Maturana\n  <\/td><td>\n  &nbsp;\n  <\/td><td>\n  &nbsp;\n  <\/td><\/tr><tr><td>\n  Abril\n  <\/td><td>\n  Madre que\n  est\u00e1s en los cielos\n  <\/td><td>\n  Pablo\n  Simonetti\n  <\/td><td>\n  1\n  <\/td><td>\n  S\u00ed\n  <\/td><\/tr><tr><td>\n  Mayo \n  <\/td><td>\n  Fahrenheit\n  451\n  <\/td><td>\n  Ray Bradbury\n  <\/td><td>\n  2\n  <\/td><td>\n  S\u00ed\n  <\/td><\/tr><tr><td>\n  Junio\n  <\/td><td>\n  Relatos de\n  humor \n  <\/td><td>\n  Montserrat Amores\n  <\/td><td>\n  3\n  <\/td><td>\n  &nbsp;\n  <\/td><\/tr><tr><td>\n  Agosto\n  <\/td><td>\n  Las venas\n  abiertas de Am\u00e9rica Latina\n  <\/td><td>\n  Eduardo\n  Galeano\n  <\/td><td>\n  0\n  <\/td><td>\n  S\u00ed\n  <\/td><\/tr><tr><td>\n  Septiembre\n  <\/td><td>\n  Selecci\u00f3n de\n  poes\u00eda contempor\u00e1nea\n  <\/td><td>\n  Autores\n  Latinoamericanos\n  <\/td><td>\n  &nbsp;\n  <\/td><td>\n  &nbsp;\n  <\/td><\/tr><\/tbody><\/table><\/figure>\n","protected":false},"excerpt":{"rendered":"<p>Nuestro colegio, fomenta la lectura de sus alumnos en distintos \u00e1mbitos, la lectura es una gran herramienta para la formaci\u00f3n cognitiva e intelectual de todo ser humano. A&hellip; <\/p>\n","protected":false},"author":1,"featured_media":3473,"comment_status":"closed","ping_status":"closed","sticky":false,"template":"","format":"standard","meta":{"footnotes":""},"categories":[40,37,53,50],"tags":[],"class_list":["post-3458","post","type-post","status-publish","format-standard","has-post-thumbnail","hentry","category-colegio","category-cra","category-ensenanza-basica","category-humanista-cientifico"],"_links":{"self":[{"href":"https:\/\/www.antilhuelontue.cl\/index.php?rest_route=\/wp\/v2\/posts\/3458","targetHints":{"allow":["GET"]}}],"collection":[{"href":"https:\/\/www.antilhuelontue.cl\/index.php?rest_route=\/wp\/v2\/posts"}],"about":[{"href":"https:\/\/www.antilhuelontue.cl\/index.php?rest_route=\/wp\/v2\/types\/post"}],"author":[{"embeddable":true,"href":"https:\/\/www.antilhuelontue.cl\/index.php?rest_route=\/wp\/v2\/users\/1"}],"replies":[{"embeddable":true,"href":"https:\/\/www.antilhuelontue.cl\/index.php?rest_route=%2Fwp%2Fv2%2Fcomments&post=3458"}],"version-history":[{"count":15,"href":"https:\/\/www.antilhuelontue.cl\/index.php?rest_route=\/wp\/v2\/posts\/3458\/revisions"}],"predecessor-version":[{"id":3474,"href":"https:\/\/www.antilhuelontue.cl\/index.php?rest_route=\/wp\/v2\/posts\/3458\/revisions\/3474"}],"wp:featuredmedia":[{"embeddable":true,"href":"https:\/\/www.antilhuelontue.cl\/index.php?rest_route=\/wp\/v2\/media\/3473"}],"wp:attachment":[{"href":"https:\/\/www.antilhuelontue.cl\/index.php?rest_route=%2Fwp%2Fv2%2Fmedia&parent=3458"}],"wp:term":[{"taxonomy":"category","embeddable":true,"href":"https:\/\/www.antilhuelontue.cl\/index.php?rest_route=%2Fwp%2Fv2%2Fcategories&post=3458"},{"taxonomy":"post_tag","embeddable":true,"href":"https:\/\/www.antilhuelontue.cl\/index.php?rest_route=%2Fwp%2Fv2%2Ftags&post=3458"}],"curies":[{"name":"wp","href":"https:\/\/api.w.org\/{rel}","templated":true}]}}