{"id":4452,"date":"2020-08-27T17:35:00","date_gmt":"2020-08-27T21:35:00","guid":{"rendered":"http:\/\/www.antilhuelontue.cl\/?p=4452"},"modified":"2021-01-06T18:24:22","modified_gmt":"2021-01-06T21:24:22","slug":"primer-seminario-tp","status":"publish","type":"post","link":"https:\/\/www.antilhuelontue.cl\/?p=4452","title":{"rendered":"Primer Seminario T\u00e9cnico Profesional Online Antilhue 2020"},"content":{"rendered":"\n<p>La pandemia del covid19 no s\u00f3lo ha provocado que nuestras aulas se transformen en aulas virtuales si no que tambi\u00e9n la mayor\u00eda de nuestras actividades institucionales, las que se siguen realizando constantemente gracias a un gran trabajo en equipo.<\/p>\n\n\n\n<p>Este Martes 25 y Mi\u00e9rcoles 26 nuestro colegio Antilhue en el marco del d\u00eda de la educaci\u00f3n T\u00e9cnico Profesional, marc\u00f3 diferencias en la realizaci\u00f3n de  su primer seminario T\u00e9cnico Profesional Online en donde participaron importantes expositores, autoridades institucionales, docentes y alumnos.<\/p>\n\n\n\n<p>Es as\u00ed como apoyados con las plataformas tecnol\u00f3gicas como ZOOM Meeting y Facebook Live logramos realizar este seminario abierto a la comunidad, y por que no decirlo, a todo el mundo.<\/p>\n\n\n\n<p>Si no pudiste asistir al seminario, No te preocupes a continuaci\u00f3n dejamos las sesi\u00f3nes del d\u00eda Martes y Mi\u00e9rcoles para que las puedas disfrutar.<\/p>\n\n\n\n<p><strong>Sesi\u00f3n 1 Martes 25<\/strong><\/p>\n\n\n\n<iframe loading=\"lazy\" src=\"https:\/\/www.facebook.com\/plugins\/video.php?href=https%3A%2F%2Fwww.facebook.com%2Fdepartamentoorientacion.antilhue.9%2Fvideos%2F187967572854797%2F&#038;show_text=0&#038;width=560\" width=\"560\" height=\"315\" style=\"border:none;overflow:hidden\" scrolling=\"no\" frameborder=\"0\" allowTransparency=\"true\" allowFullScreen=\"true\"><\/iframe>\n\n\n\n<p><strong>Sesi\u00f3n 2 Mi\u00e9rcoles 26 <\/strong><\/p>\n\n\n\n<iframe loading=\"lazy\" src=\"https:\/\/www.facebook.com\/plugins\/video.php?href=https%3A%2F%2Fwww.facebook.com%2Fdepartamentoorientacion.antilhue.9%2Fvideos%2F188345902816964%2F&#038;show_text=0&#038;width=560\" width=\"560\" height=\"315\" style=\"border:none;overflow:hidden\" scrolling=\"no\" frameborder=\"0\" allowTransparency=\"true\" allowFullScreen=\"true\"><\/iframe>\n","protected":false},"excerpt":{"rendered":"<p>La pandemia del covid19 no s\u00f3lo ha provocado que nuestras aulas se transformen en aulas virtuales si no que tambi\u00e9n la mayor\u00eda de nuestras actividades institucionales, las que&hellip; <\/p>\n","protected":false},"author":1,"featured_media":4454,"comment_status":"open","ping_status":"open","sticky":false,"template":"","format":"standard","meta":{"footnotes":""},"categories":[68,40,1,34],"tags":[],"class_list":["post-4452","post","type-post","status-publish","format-standard","has-post-thumbnail","hentry","category-acciones-pandemia","category-colegio","category-dire","category-especialidad"],"_links":{"self":[{"href":"https:\/\/www.antilhuelontue.cl\/index.php?rest_route=\/wp\/v2\/posts\/4452","targetHints":{"allow":["GET"]}}],"collection":[{"href":"https:\/\/www.antilhuelontue.cl\/index.php?rest_route=\/wp\/v2\/posts"}],"about":[{"href":"https:\/\/www.antilhuelontue.cl\/index.php?rest_route=\/wp\/v2\/types\/post"}],"author":[{"embeddable":true,"href":"https:\/\/www.antilhuelontue.cl\/index.php?rest_route=\/wp\/v2\/users\/1"}],"replies":[{"embeddable":true,"href":"https:\/\/www.antilhuelontue.cl\/index.php?rest_route=%2Fwp%2Fv2%2Fcomments&post=4452"}],"version-history":[{"count":2,"href":"https:\/\/www.antilhuelontue.cl\/index.php?rest_route=\/wp\/v2\/posts\/4452\/revisions"}],"predecessor-version":[{"id":4457,"href":"https:\/\/www.antilhuelontue.cl\/index.php?rest_route=\/wp\/v2\/posts\/4452\/revisions\/4457"}],"wp:featuredmedia":[{"embeddable":true,"href":"https:\/\/www.antilhuelontue.cl\/index.php?rest_route=\/wp\/v2\/media\/4454"}],"wp:attachment":[{"href":"https:\/\/www.antilhuelontue.cl\/index.php?rest_route=%2Fwp%2Fv2%2Fmedia&parent=4452"}],"wp:term":[{"taxonomy":"category","embeddable":true,"href":"https:\/\/www.antilhuelontue.cl\/index.php?rest_route=%2Fwp%2Fv2%2Fcategories&post=4452"},{"taxonomy":"post_tag","embeddable":true,"href":"https:\/\/www.antilhuelontue.cl\/index.php?rest_route=%2Fwp%2Fv2%2Ftags&post=4452"}],"curies":[{"name":"wp","href":"https:\/\/api.w.org\/{rel}","templated":true}]}}