{"id":4595,"date":"2020-10-28T09:35:43","date_gmt":"2020-10-28T12:35:43","guid":{"rendered":"http:\/\/www.antilhuelontue.cl\/?p=4595"},"modified":"2020-10-28T09:36:12","modified_gmt":"2020-10-28T12:36:12","slug":"programa-de-actividades","status":"publish","type":"post","link":"https:\/\/www.antilhuelontue.cl\/?p=4595","title":{"rendered":"Programa de Actividades de Aniversario"},"content":{"rendered":"\n<p>En nuestro Mes aniversario, son varias las actividades que realizaremos para celebrar 1 a\u00f1o mas, ajustado obviamente a la contingencia actual de pandemia, estas actividades ser\u00e1s realizadas de manera Online a trav\u00e9s de nuestras plataformas digitales.<\/p>\n\n\n\n<figure class=\"wp-block-table\"><table class=\"\"><tbody><tr><td>\n  <strong>Fecha<\/strong>\n  <\/td><td>\n  <strong>Actividad<\/strong><strong><\/strong>\n  <\/td><td>\n  <strong>Responsable<\/strong><strong><\/strong>\n  <\/td><\/tr><tr><td>\n  &nbsp;\n  <strong>Lunes<\/strong>\n  <strong>26\/10<\/strong>\n  <strong>&nbsp;<\/strong>\n  <\/td><td>\n  <strong>&nbsp;<\/strong>\n  <strong>Cierre Actividades alianza<\/strong><strong><\/strong>\n  <\/td><td>\n  <strong>&nbsp;<\/strong>\n  <strong>Orientaci\u00f3n<\/strong><strong><\/strong>\n  <\/td><\/tr><tr><td>\n  &nbsp;\n  <strong>Mi\u00e9rcoles<\/strong>\n  <strong>28\/10<\/strong>\n  &nbsp;\n  <\/td><td>\n  &nbsp;\n  15:00 Hrs. \u2013 Programa motivacional\n  Alianzas\n  <\/td><td>\n  <strong>&nbsp;<\/strong>\n  <strong>Orientaci\u00f3n\n  <\/strong>\n  <\/td><\/tr><tr><td>\n  &nbsp;\n  <strong>Jueves<\/strong><strong><\/strong>\n  <strong>29\/10<\/strong><strong><\/strong>\n  &nbsp;\n  <\/td><td>\n  &nbsp;\n  11:00 Hrs. \u2013 Acto de Aniversario\n  Conducci\u00f3n: Francisco Moraga &#8211; Mylene Mu\u00f1oz&nbsp; \n  &nbsp;\n  <\/td><td>\n  <strong>&nbsp;<\/strong>\n  <strong>Direcci\u00f3n<\/strong><strong><\/strong>\n  <strong>&nbsp;<\/strong>\n  <\/td><\/tr><tr><td>\n  &nbsp;\n  <strong>Viernes<\/strong>\n  <strong>30\/10<\/strong>\n  &nbsp;\n  <\/td><td>\n  &nbsp;\n  12:00 Hrs. \u2013 Presentaci\u00f3n y Cierre\n  Aniversario \n  Animadores:&nbsp; Fernanda Ruiz \u2013 H\u00e9ctor M\u00e1rquez \n  &nbsp;\n  <\/td><td>\n  <strong>&nbsp;<\/strong>\n  <strong>Orientaci\u00f3n<\/strong>\n  <\/td><\/tr><\/tbody><\/table><\/figure>\n","protected":false},"excerpt":{"rendered":"<p>En nuestro Mes aniversario, son varias las actividades que realizaremos para celebrar 1 a\u00f1o mas, ajustado obviamente a la contingencia actual de pandemia, estas actividades ser\u00e1s realizadas de&hellip; <\/p>\n","protected":false},"author":1,"featured_media":4597,"comment_status":"closed","ping_status":"closed","sticky":false,"template":"","format":"standard","meta":{"footnotes":""},"categories":[1],"tags":[],"class_list":["post-4595","post","type-post","status-publish","format-standard","has-post-thumbnail","hentry","category-dire"],"_links":{"self":[{"href":"https:\/\/www.antilhuelontue.cl\/index.php?rest_route=\/wp\/v2\/posts\/4595","targetHints":{"allow":["GET"]}}],"collection":[{"href":"https:\/\/www.antilhuelontue.cl\/index.php?rest_route=\/wp\/v2\/posts"}],"about":[{"href":"https:\/\/www.antilhuelontue.cl\/index.php?rest_route=\/wp\/v2\/types\/post"}],"author":[{"embeddable":true,"href":"https:\/\/www.antilhuelontue.cl\/index.php?rest_route=\/wp\/v2\/users\/1"}],"replies":[{"embeddable":true,"href":"https:\/\/www.antilhuelontue.cl\/index.php?rest_route=%2Fwp%2Fv2%2Fcomments&post=4595"}],"version-history":[{"count":2,"href":"https:\/\/www.antilhuelontue.cl\/index.php?rest_route=\/wp\/v2\/posts\/4595\/revisions"}],"predecessor-version":[{"id":4598,"href":"https:\/\/www.antilhuelontue.cl\/index.php?rest_route=\/wp\/v2\/posts\/4595\/revisions\/4598"}],"wp:featuredmedia":[{"embeddable":true,"href":"https:\/\/www.antilhuelontue.cl\/index.php?rest_route=\/wp\/v2\/media\/4597"}],"wp:attachment":[{"href":"https:\/\/www.antilhuelontue.cl\/index.php?rest_route=%2Fwp%2Fv2%2Fmedia&parent=4595"}],"wp:term":[{"taxonomy":"category","embeddable":true,"href":"https:\/\/www.antilhuelontue.cl\/index.php?rest_route=%2Fwp%2Fv2%2Fcategories&post=4595"},{"taxonomy":"post_tag","embeddable":true,"href":"https:\/\/www.antilhuelontue.cl\/index.php?rest_route=%2Fwp%2Fv2%2Ftags&post=4595"}],"curies":[{"name":"wp","href":"https:\/\/api.w.org\/{rel}","templated":true}]}}