{"id":4693,"date":"2020-11-26T12:05:26","date_gmt":"2020-11-26T15:05:26","guid":{"rendered":"http:\/\/www.antilhuelontue.cl\/?p=4693"},"modified":"2020-11-26T12:07:37","modified_gmt":"2020-11-26T15:07:37","slug":"clases-presenciales-jueves-26-de-noviembre-4-medio-administracion","status":"publish","type":"post","link":"https:\/\/www.antilhuelontue.cl\/?p=4693","title":{"rendered":"Clases Presenciales Jueves 26 de Noviembre 4\u00b0 Medio Administraci\u00f3n"},"content":{"rendered":"\n<p>Hoy jueves 26 de noviembre los y las estudiantes de 4\u00b0 a\u00f1o medio Administraci\u00f3n, participan de clases presenciales, presentaci\u00f3n de proyectos y preparaci\u00f3n de Licenciatura 2020. Distribuidos en 3 salas, la asistencia a clases fue de un 100%, cumpliendo estrictamente con el aforo sanitario Covid 19 y las medidas preventivas, de distanciamiento\u00a0 y seguridad, siendo acompa\u00f1ados de sus docentes de especialidad. Adem\u00e1s, el jefe de UTP, Sr. Pedro Jorquera, realiza Charla Informativa de proceso de Pr\u00e1cticas 2020 \u2013 2021, y de Beca TP para estudiantes que cumplan exitosamente su pr\u00e1ctica profesional, que se suma a la realizada por plataforma zoom el pasado martes a este curso. <\/p>\n\n\n\n<p>[WRGF id=4695]<\/p>\n","protected":false},"excerpt":{"rendered":"<p>Hoy jueves 26 de noviembre los y las estudiantes de 4\u00b0 a\u00f1o medio Administraci\u00f3n, participan de clases presenciales, presentaci\u00f3n de proyectos y preparaci\u00f3n de Licenciatura 2020. Distribuidos en&hellip; <\/p>\n","protected":false},"author":1,"featured_media":4688,"comment_status":"closed","ping_status":"closed","sticky":false,"template":"","format":"standard","meta":{"footnotes":""},"categories":[40,59,34],"tags":[],"class_list":["post-4693","post","type-post","status-publish","format-standard","has-post-thumbnail","hentry","category-colegio","category-ensenanza-media","category-especialidad"],"_links":{"self":[{"href":"https:\/\/www.antilhuelontue.cl\/index.php?rest_route=\/wp\/v2\/posts\/4693","targetHints":{"allow":["GET"]}}],"collection":[{"href":"https:\/\/www.antilhuelontue.cl\/index.php?rest_route=\/wp\/v2\/posts"}],"about":[{"href":"https:\/\/www.antilhuelontue.cl\/index.php?rest_route=\/wp\/v2\/types\/post"}],"author":[{"embeddable":true,"href":"https:\/\/www.antilhuelontue.cl\/index.php?rest_route=\/wp\/v2\/users\/1"}],"replies":[{"embeddable":true,"href":"https:\/\/www.antilhuelontue.cl\/index.php?rest_route=%2Fwp%2Fv2%2Fcomments&post=4693"}],"version-history":[{"count":2,"href":"https:\/\/www.antilhuelontue.cl\/index.php?rest_route=\/wp\/v2\/posts\/4693\/revisions"}],"predecessor-version":[{"id":4696,"href":"https:\/\/www.antilhuelontue.cl\/index.php?rest_route=\/wp\/v2\/posts\/4693\/revisions\/4696"}],"wp:featuredmedia":[{"embeddable":true,"href":"https:\/\/www.antilhuelontue.cl\/index.php?rest_route=\/wp\/v2\/media\/4688"}],"wp:attachment":[{"href":"https:\/\/www.antilhuelontue.cl\/index.php?rest_route=%2Fwp%2Fv2%2Fmedia&parent=4693"}],"wp:term":[{"taxonomy":"category","embeddable":true,"href":"https:\/\/www.antilhuelontue.cl\/index.php?rest_route=%2Fwp%2Fv2%2Fcategories&post=4693"},{"taxonomy":"post_tag","embeddable":true,"href":"https:\/\/www.antilhuelontue.cl\/index.php?rest_route=%2Fwp%2Fv2%2Ftags&post=4693"}],"curies":[{"name":"wp","href":"https:\/\/api.w.org\/{rel}","templated":true}]}}