{"id":4790,"date":"2021-02-25T17:27:41","date_gmt":"2021-02-25T20:27:41","guid":{"rendered":"http:\/\/www.antilhuelontue.cl\/?p=4790"},"modified":"2021-03-15T14:16:22","modified_gmt":"2021-03-15T17:16:22","slug":"comunicado25f","status":"publish","type":"post","link":"https:\/\/www.antilhuelontue.cl\/?p=4790","title":{"rendered":"Informaci\u00f3n a la Comunidad Antilhue"},"content":{"rendered":"\n<div class=\"wp-block-image\"><figure class=\"aligncenter size-large\"><img loading=\"lazy\" decoding=\"async\" width=\"80\" height=\"94\" src=\"https:\/\/www.antilhuelontue.cl\/wp-content\/uploads\/2020\/03\/escudo.png\" alt=\"logo\" class=\"wp-image-3971\"\/><\/figure><\/div>\n\n\n\n<p class=\"has-text-align-center\">Juntos hemos vivido situaciones complejas a ra\u00edz de esta Pandemia Covid-19, por eso queremos saludarles, felices de que nuestra comuna de Molina se encuentre en Fase 3, que debemos asumir con responsabilidad. Deseamos comunicar a ustedes nuestra propuesta educativa para el inicio del a\u00f1o escolar 2021.<\/p>\n\n\n\n<p class=\"has-text-align-center\">Nuestro colegio solicit\u00f3 permiso al ministerio de educaci\u00f3n para realizar un sistema mixto, por tanto iniciamos el dia 01 de Marzo desde las 08:30 hrs. con un per\u00edodo <strong>ONLINE<\/strong> con semana cero de conexi\u00f3n con los estudiantes y sus profesores jefes.<\/p>\n\n\n\n<p class=\"has-text-align-center\">Una vez terminada la vacunaci\u00f3n de la segunda dosis a los educadores y personal del establecimiento iniciaremos gradualmente la presencialidad el 26 de Abril.<\/p>\n\n\n\n<p class=\"has-text-align-center\">Queremos motivar a nuestros apoderados a comunicarse a trav\u00e9s de los profesores jefes recordando que este a\u00f1o solo requieren su polera y buzo del colegio, por su presentaci\u00f3n a clases en cualquiera de las modalidades y continuidad de los talleres deportivos, de yoga, m\u00fasica y artes. Estaremos entregando todos los apoyos Junaeb, m\u00e1s el programa solidario del colegio.<\/p>\n\n\n\n<p class=\"has-text-align-center\"><strong>Nuestro desaf\u00edo 2021 es acompa\u00f1ar y preparar a nuestros j\u00f3venes y ni\u00f1os junto a ustedes como familias de la comunidad Antilhue. Con Afecto y anhelos de volver a verlos en un ambiente seguro les saluda<\/strong>.<\/p>\n\n\n\n<p class=\"has-text-align-center\"> Mylene Mu\u00f1oz Riquelme, Directora Colegio Antilhue.<\/p>\n","protected":false},"excerpt":{"rendered":"<p>Juntos hemos vivido situaciones complejas a ra\u00edz de esta Pandemia Covid-19, por eso queremos saludarles, felices de que nuestra comuna de Molina se encuentre en Fase 3, que&hellip; <\/p>\n","protected":false},"author":1,"featured_media":3190,"comment_status":"closed","ping_status":"closed","sticky":false,"template":"","format":"standard","meta":{"footnotes":""},"categories":[40,32],"tags":[],"class_list":["post-4790","post","type-post","status-publish","format-standard","has-post-thumbnail","hentry","category-colegio","category-comunicaciones"],"_links":{"self":[{"href":"https:\/\/www.antilhuelontue.cl\/index.php?rest_route=\/wp\/v2\/posts\/4790","targetHints":{"allow":["GET"]}}],"collection":[{"href":"https:\/\/www.antilhuelontue.cl\/index.php?rest_route=\/wp\/v2\/posts"}],"about":[{"href":"https:\/\/www.antilhuelontue.cl\/index.php?rest_route=\/wp\/v2\/types\/post"}],"author":[{"embeddable":true,"href":"https:\/\/www.antilhuelontue.cl\/index.php?rest_route=\/wp\/v2\/users\/1"}],"replies":[{"embeddable":true,"href":"https:\/\/www.antilhuelontue.cl\/index.php?rest_route=%2Fwp%2Fv2%2Fcomments&post=4790"}],"version-history":[{"count":2,"href":"https:\/\/www.antilhuelontue.cl\/index.php?rest_route=\/wp\/v2\/posts\/4790\/revisions"}],"predecessor-version":[{"id":4792,"href":"https:\/\/www.antilhuelontue.cl\/index.php?rest_route=\/wp\/v2\/posts\/4790\/revisions\/4792"}],"wp:featuredmedia":[{"embeddable":true,"href":"https:\/\/www.antilhuelontue.cl\/index.php?rest_route=\/wp\/v2\/media\/3190"}],"wp:attachment":[{"href":"https:\/\/www.antilhuelontue.cl\/index.php?rest_route=%2Fwp%2Fv2%2Fmedia&parent=4790"}],"wp:term":[{"taxonomy":"category","embeddable":true,"href":"https:\/\/www.antilhuelontue.cl\/index.php?rest_route=%2Fwp%2Fv2%2Fcategories&post=4790"},{"taxonomy":"post_tag","embeddable":true,"href":"https:\/\/www.antilhuelontue.cl\/index.php?rest_route=%2Fwp%2Fv2%2Ftags&post=4790"}],"curies":[{"name":"wp","href":"https:\/\/api.w.org\/{rel}","templated":true}]}}