{"id":5106,"date":"2021-08-25T12:40:18","date_gmt":"2021-08-25T16:40:18","guid":{"rendered":"http:\/\/www.antilhuelontue.cl\/?p=5106"},"modified":"2021-08-25T12:41:55","modified_gmt":"2021-08-25T16:41:55","slug":"celebracion-dia-de-la-ensenanza-tecnico-profesional-seminario-emprendimiento-e-innovacion-claves-del-desarrollo-economico-post-pandemia","status":"publish","type":"post","link":"https:\/\/www.antilhuelontue.cl\/?p=5106","title":{"rendered":"Celebraci\u00f3n D\u00eda de la Ense\u00f1anza T\u00e9cnico Profesional Seminario \u201cEmprendimiento e innovaci\u00f3n claves del desarrollo econ\u00f3mico post pandemia\u201d"},"content":{"rendered":"\n<figure class=\"wp-block-image size-large\"><img loading=\"lazy\" decoding=\"async\" width=\"1024\" height=\"1024\" src=\"https:\/\/www.antilhuelontue.cl\/wp-content\/uploads\/2021\/08\/Invitacion-1024x1024.png\" alt=\"\" class=\"wp-image-5107\" srcset=\"https:\/\/www.antilhuelontue.cl\/wp-content\/uploads\/2021\/08\/Invitacion-1024x1024.png 1024w, https:\/\/www.antilhuelontue.cl\/wp-content\/uploads\/2021\/08\/Invitacion-300x300.png 300w, https:\/\/www.antilhuelontue.cl\/wp-content\/uploads\/2021\/08\/Invitacion-150x150.png 150w, https:\/\/www.antilhuelontue.cl\/wp-content\/uploads\/2021\/08\/Invitacion-768x768.png 768w, https:\/\/www.antilhuelontue.cl\/wp-content\/uploads\/2021\/08\/Invitacion-500x500.png 500w, https:\/\/www.antilhuelontue.cl\/wp-content\/uploads\/2021\/08\/Invitacion-400x400.png 400w, https:\/\/www.antilhuelontue.cl\/wp-content\/uploads\/2021\/08\/Invitacion-1536x1536.png 1536w, https:\/\/www.antilhuelontue.cl\/wp-content\/uploads\/2021\/08\/Invitacion.png 1654w\" sizes=\"auto, (max-width: 1024px) 100vw, 1024px\" \/><\/figure>\n\n\n\n<p>Celebraci\u00f3n D\u00eda de la Ense\u00f1anza T\u00e9cnico Profesional Seminario<\/p>\n\n\n\n<p>\u201cEmprendimiento e innovaci\u00f3n claves del desarrollo econ\u00f3mico post pandemia\u201d<\/p>\n\n\n\n<p>jueves 26 de agosto 201, a partir de las 15:30 Hrs. por la plataforma Zoom.<\/p>\n\n\n\n<p>La Educaci\u00f3n T\u00e9cnico-Profesional (ETP) cumple 79 a\u00f1os, como herramienta educativa orientada al desarrollo de aptitudes, competencias, habilidades y conocimientos, desde un enfoque de aprendizaje pr\u00e1ctico.<\/p>\n\n\n\n<p>La relevancia e impacto de la Educaci\u00f3n T\u00e9cnico-Profesional (ETP), se refleja en que actualmente en Chile el 39% de la matr\u00edcula de 3\u00b0 y 4\u00b0 Medio es T\u00e9cnico Profesional, y m\u00e1s de la mitad de los alumnos de 1er a\u00f1o de educaci\u00f3n superior van a un Centro de Formaci\u00f3n T\u00e9cnica o Instituto Profesional.<\/p>\n\n\n\n<p>Otro indicador relevante, es que la mayor\u00eda de los estudiantes TP provienen de contextos de mayor vulnerabilidad, concentrando en promedio un 83% de los estudiantes m\u00e1s vulnerables. Es por ello que fortalecer la educaci\u00f3n TP es un imperativo pa\u00eds, al que est\u00e1n llamados a contribuir todos los actores sociales.<\/p>\n\n\n\n<p>La pandemia Covid 19 que azota nuestra humanidad ha generado profundos cambios en todos los \u00e1mbitos de nuestra vida, incluyendo el trabajo, la formaci\u00f3n educacional, el entretenimiento, el comercio, la salud, en fin, todas nuestras actividades humanas se han visto trastocadas y\/o transformadas por este evento de extraordinaria magnitud. Probablemente cuando volvamos a la ansiada normalidad, muchos de nuestros h\u00e1bitos y costumbres tan arraigados en nuestra cotidianeidad cedan paso a nuevos modos de vivir y convivir en comunidad, incluyendo las dimensiones social y espiritual.<\/p>\n\n\n\n<p>A la luz de estas transformaciones, vale la pena preguntarse c\u00f3mo los seres humanos de los primeros 50 a\u00f1os del siglo pasado lograron superar crisis tan profundas como pandemias, guerras mundiales y grandes depresiones econ\u00f3micas. Al parecer, al igual que ahora el conocimiento cient\u00edfico y tecnol\u00f3gico, as\u00ed como la innovaci\u00f3n y el emprendimiento fueron claves para enfrentar situaciones tan adversas y cr\u00edticas. A modo de ejemplo, las vacunas descubiertas y producidas en el transcurso de un a\u00f1o para el Covid 19 y toda la tecnolog\u00eda para el tratamiento de la enfermedad previa a las vacunas, nos hace lamentar hasta ahora 3,2 millones de muertes, en contraste la gripe espa\u00f1ola (1918-1920) alcanz\u00f3 m\u00e1s de 50 millones de muertes, o el VIH, a\u00fan no siendo una pandemia, desde 1981 al presente ha alcanzado m\u00e1s de 39 millones de muertes, enfermedad que actualmente cuenta con tratamiento gracias al avance cient\u00edfico y tecnol\u00f3gico.<\/p>\n\n\n\n<p>EMPRENDEDORES PROFESIONALES PARA EL FUTURO<\/p>\n\n\n\n<p>Teniendo en cuenta este escenario y el hecho de que los emprendedores se hayan convertido en el motor n\u00famero uno de creaci\u00f3n de empleo en nuestras econom\u00edas modernas, es imperativo que los gobiernos y los l\u00edderes empresariales aprendan lo que se pueden hacer entre s\u00ed y act\u00faen de manera concertada.<\/p>\n\n\n\n<p>\u201clos nuevos emprendedores no deben perder de vista las bases s\u00f3lidas de conocimiento. En primer lugar, deben saber detectar oportunidades y saber encauzarlas; es una competencia b\u00e1sica\u201d.<\/p>\n\n\n\n<p>Porque que creemos que los emprendedores y estimular la innovaci\u00f3n es clave para el futuro, hemos propuesto la tem\u00e1tica del presente seminario, ya que un emprendedor siempre tiene que estar preparado, atento a la \u00faltima novedad y estar al d\u00eda. Esto exige una capacitaci\u00f3n constante y la Educaci\u00f3n T\u00e9cnico Profesional es y debe ser parte de ese desaf\u00edo siempre y especialmente en el escenario post pand\u00e9mico.<\/p>\n\n\n\n<p>Julio D\u00edaz Correa<\/p>\n\n\n\n<p>Coordinador Especialidad Administraci\u00f3n<\/p>\n","protected":false},"excerpt":{"rendered":"<p>Celebraci\u00f3n D\u00eda de la Ense\u00f1anza T\u00e9cnico Profesional Seminario \u201cEmprendimiento e innovaci\u00f3n claves del desarrollo econ\u00f3mico post pandemia\u201d jueves 26 de agosto 201, a partir de las 15:30 Hrs.&hellip; <\/p>\n","protected":false},"author":1,"featured_media":4894,"comment_status":"closed","ping_status":"closed","sticky":false,"template":"","format":"standard","meta":{"footnotes":""},"categories":[40,1,59],"tags":[],"class_list":["post-5106","post","type-post","status-publish","format-standard","has-post-thumbnail","hentry","category-colegio","category-dire","category-ensenanza-media"],"_links":{"self":[{"href":"https:\/\/www.antilhuelontue.cl\/index.php?rest_route=\/wp\/v2\/posts\/5106","targetHints":{"allow":["GET"]}}],"collection":[{"href":"https:\/\/www.antilhuelontue.cl\/index.php?rest_route=\/wp\/v2\/posts"}],"about":[{"href":"https:\/\/www.antilhuelontue.cl\/index.php?rest_route=\/wp\/v2\/types\/post"}],"author":[{"embeddable":true,"href":"https:\/\/www.antilhuelontue.cl\/index.php?rest_route=\/wp\/v2\/users\/1"}],"replies":[{"embeddable":true,"href":"https:\/\/www.antilhuelontue.cl\/index.php?rest_route=%2Fwp%2Fv2%2Fcomments&post=5106"}],"version-history":[{"count":4,"href":"https:\/\/www.antilhuelontue.cl\/index.php?rest_route=\/wp\/v2\/posts\/5106\/revisions"}],"predecessor-version":[{"id":5112,"href":"https:\/\/www.antilhuelontue.cl\/index.php?rest_route=\/wp\/v2\/posts\/5106\/revisions\/5112"}],"wp:featuredmedia":[{"embeddable":true,"href":"https:\/\/www.antilhuelontue.cl\/index.php?rest_route=\/wp\/v2\/media\/4894"}],"wp:attachment":[{"href":"https:\/\/www.antilhuelontue.cl\/index.php?rest_route=%2Fwp%2Fv2%2Fmedia&parent=5106"}],"wp:term":[{"taxonomy":"category","embeddable":true,"href":"https:\/\/www.antilhuelontue.cl\/index.php?rest_route=%2Fwp%2Fv2%2Fcategories&post=5106"},{"taxonomy":"post_tag","embeddable":true,"href":"https:\/\/www.antilhuelontue.cl\/index.php?rest_route=%2Fwp%2Fv2%2Ftags&post=5106"}],"curies":[{"name":"wp","href":"https:\/\/api.w.org\/{rel}","templated":true}]}}