{"id":5178,"date":"2021-10-01T14:24:52","date_gmt":"2021-10-01T17:24:52","guid":{"rendered":"http:\/\/www.antilhuelontue.cl\/?p=5178"},"modified":"2021-10-01T14:26:58","modified_gmt":"2021-10-01T17:26:58","slug":"comunicado-retorno","status":"publish","type":"post","link":"https:\/\/www.antilhuelontue.cl\/?p=5178","title":{"rendered":"Comunicado Retorno"},"content":{"rendered":"\n<p class=\"has-text-align-center\"> Estimados\/as Padres y Apoderados\/as Esperando que ustedes y sus familias se encuentren muy bien, informamos que continuamos con nuestro proceso de retorno a clases presenciales voluntaria para cada estudiante del establecimiento.<\/p>\n\n\n\n<p class=\"has-text-align-center\"> Es en esta oportunidad que los alumnos de 3\u00b0 b\u00e1sico, 4\u00b0 b\u00e1sico, 1\u00b0 medios y 2\u00b0 medios volver\u00e1n de forma presencial. Este proceso dar\u00e1 comienzo el <strong>Lunes 04 de octubre<\/strong>, a las 8:30 hasta las 13:00 hrs de lunes a viernes, y se atender\u00e1 el cumplimiento de las medidas preventivas sanitarias y protocolos de ingreso, permanencia y salida de toda persona que asista al establecimiento, incluyendo uso de mascarilla personal y mantenimiento de distanciamiento f\u00edsico. <\/p>\n\n\n\n<p class=\"has-text-align-center\">Se han colocado en entrada al colegio un circuito sanitario, y en cada sala y oficina dispensadores de alcohol gel. Todas las situciones de esta etapa se comunicar\u00e1 oportunamente, por las v\u00edas institucionales (https:\/\/www.antilhuelontue.cl). Recordando que se continuar\u00e1 un d\u00eda con apoyo educativo remoto en especial por los estudiantes que tengan alg\u00fan impedimento de asistir a presencialmente, siendo <strong>B\u00e1sica: Viernes<\/strong> y <strong>Media: Mi\u00e9rcoles<\/strong>. <\/p>\n\n\n\n<p class=\"has-text-align-center\">Nuestra comunidad educativa les espera con todo entusiasmo manteniendo el conducto regular de comunicaci\u00f3n a trav\u00e9s del profesor jefe.<\/p>\n\n\n\n<p> Un saludo afectuoso y de mucho \u00e1nimo. <\/p>\n\n\n\n<p><strong>Directora Mylene Mu\u00f1oz<\/strong> <\/p>\n\n\n\n<p>Lontu\u00e9, 01 de Octubre de 2021 <\/p>\n","protected":false},"excerpt":{"rendered":"<p>Estimados\/as Padres y Apoderados\/as Esperando que ustedes y sus familias se encuentren muy bien, informamos que continuamos con nuestro proceso de retorno a clases presenciales voluntaria para cada&hellip; <\/p>\n","protected":false},"author":1,"featured_media":4894,"comment_status":"closed","ping_status":"closed","sticky":false,"template":"","format":"standard","meta":{"footnotes":""},"categories":[44,40,71],"tags":[],"class_list":["post-5178","post","type-post","status-publish","format-standard","has-post-thumbnail","hentry","category-admision","category-colegio","category-retorno"],"_links":{"self":[{"href":"https:\/\/www.antilhuelontue.cl\/index.php?rest_route=\/wp\/v2\/posts\/5178","targetHints":{"allow":["GET"]}}],"collection":[{"href":"https:\/\/www.antilhuelontue.cl\/index.php?rest_route=\/wp\/v2\/posts"}],"about":[{"href":"https:\/\/www.antilhuelontue.cl\/index.php?rest_route=\/wp\/v2\/types\/post"}],"author":[{"embeddable":true,"href":"https:\/\/www.antilhuelontue.cl\/index.php?rest_route=\/wp\/v2\/users\/1"}],"replies":[{"embeddable":true,"href":"https:\/\/www.antilhuelontue.cl\/index.php?rest_route=%2Fwp%2Fv2%2Fcomments&post=5178"}],"version-history":[{"count":4,"href":"https:\/\/www.antilhuelontue.cl\/index.php?rest_route=\/wp\/v2\/posts\/5178\/revisions"}],"predecessor-version":[{"id":5182,"href":"https:\/\/www.antilhuelontue.cl\/index.php?rest_route=\/wp\/v2\/posts\/5178\/revisions\/5182"}],"wp:featuredmedia":[{"embeddable":true,"href":"https:\/\/www.antilhuelontue.cl\/index.php?rest_route=\/wp\/v2\/media\/4894"}],"wp:attachment":[{"href":"https:\/\/www.antilhuelontue.cl\/index.php?rest_route=%2Fwp%2Fv2%2Fmedia&parent=5178"}],"wp:term":[{"taxonomy":"category","embeddable":true,"href":"https:\/\/www.antilhuelontue.cl\/index.php?rest_route=%2Fwp%2Fv2%2Fcategories&post=5178"},{"taxonomy":"post_tag","embeddable":true,"href":"https:\/\/www.antilhuelontue.cl\/index.php?rest_route=%2Fwp%2Fv2%2Ftags&post=5178"}],"curies":[{"name":"wp","href":"https:\/\/api.w.org\/{rel}","templated":true}]}}