{"id":5491,"date":"2022-03-16T15:17:43","date_gmt":"2022-03-16T18:17:43","guid":{"rendered":"http:\/\/www.antilhuelontue.cl\/?p=5491"},"modified":"2022-03-16T15:21:26","modified_gmt":"2022-03-16T18:21:26","slug":"21-de-marzo-dia-mundial-del-sindrome-de-down","status":"publish","type":"post","link":"https:\/\/www.antilhuelontue.cl\/?p=5491","title":{"rendered":"21 de Marzo, D\u00eda mundial del s\u00edndrome de Down"},"content":{"rendered":"\n<p>El&nbsp;<strong>s\u00edndrome de Down<\/strong>&nbsp;siempre ha formado parte de la condici\u00f3n humana, existe en todas las regiones del mundo y habitualmente tiene efectos variables en los estilos de aprendizaje, las caracter\u00edsticas f\u00edsicas o la salud.<\/p>\n\n\n\n<p>El acceso adecuado a la atenci\u00f3n de la salud, a los programas de intervenci\u00f3n temprana y a la ense\u00f1anza inclusiva, as\u00ed como la investigaci\u00f3n adecuada, son vitales para el crecimiento y el desarrollo de la persona.<\/p>\n\n\n\n<p class=\"has-text-align-left\"><strong>\u00bfQu\u00e9 es el S\u00edndrome deDown?<\/strong><br> Es una afecci\u00f3n en la que la persona tiene un cromosoma extra. Los<br> cromosomas son peque\u00f1os \u201cpaquetes\u201d de genes en el organismo. Determinan c\u00f3mo se forma el cuerpo del beb\u00e9 durante el embarazo y c\u00f3mo funciona mientras se desarrolla en el vientre materno y despu\u00e9s de nacer. Por lo general, los beb\u00e9s nacen con 46 cromosomas. Los beb\u00e9s con<br> s\u00edndrome de Down tienen una copia extra de uno de estos cromosomas<br> el cromosoma 21, conocido TRISOM\u00cdA. <\/p>\n\n\n\n<div class=\"wp-block-image is-style-circle-mask\"><figure class=\"alignleft size-large\"><img loading=\"lazy\" decoding=\"async\" width=\"840\" height=\"420\" src=\"https:\/\/www.antilhuelontue.cl\/wp-content\/uploads\/2022\/03\/image.png\" alt=\"\" class=\"wp-image-5492\" srcset=\"https:\/\/www.antilhuelontue.cl\/wp-content\/uploads\/2022\/03\/image.png 840w, https:\/\/www.antilhuelontue.cl\/wp-content\/uploads\/2022\/03\/image-300x150.png 300w, https:\/\/www.antilhuelontue.cl\/wp-content\/uploads\/2022\/03\/image-768x384.png 768w\" sizes=\"auto, (max-width: 840px) 100vw, 840px\" \/><\/figure><\/div>\n\n\n\n<p><\/p>\n\n\n\n<p><strong>Algunas dificultades que se pueden presentar:<\/strong><\/p>\n\n\n\n<ul class=\"wp-block-list\"><li>\u00c1mbito psicomotor: motricidad gruesa y fina.<\/li><li>Dificultades para mantener la atenci\u00f3n.<\/li><li>Dificultades en la percepci\u00f3n auditiva.<\/li><li>Discapacidad intelectual.<\/li><li>Habilidades ling\u00fc\u00edsticas descendidas.<\/li><li>Comportamiento inadecuado.<\/li><\/ul>\n\n\n\n<h2 class=\"wp-block-heading\">Todos a apoyar<\/h2>\n\n\n\n<p class=\"has-text-align-center\">Este 21 de marzo nos unimos a la celebraci\u00f3n de DIA MUNDIAL DEL  SINDROME DE DOWN, usando calcetines disparejos.<\/p>\n\n\n\n<div class=\"wp-block-image\"><figure class=\"aligncenter size-large\"><img loading=\"lazy\" decoding=\"async\" width=\"133\" height=\"290\" src=\"https:\/\/www.antilhuelontue.cl\/wp-content\/uploads\/2022\/03\/image-3.png\" alt=\"\" class=\"wp-image-5495\"\/><\/figure><\/div>\n\n\n\n<p class=\"has-text-align-center\"><br> Apoyemos esta iniciativa en pro<br> de la belleza de la DIVERSIDAD<\/p>\n","protected":false},"excerpt":{"rendered":"<p>El&nbsp;s\u00edndrome de Down&nbsp;siempre ha formado parte de la condici\u00f3n humana, existe en todas las regiones del mundo y habitualmente tiene efectos variables en los estilos de aprendizaje, las&hellip; <\/p>\n","protected":false},"author":1,"featured_media":5496,"comment_status":"closed","ping_status":"closed","sticky":false,"template":"","format":"standard","meta":{"footnotes":""},"categories":[40,57],"tags":[],"class_list":["post-5491","post","type-post","status-publish","format-standard","has-post-thumbnail","hentry","category-colegio","category-pie"],"_links":{"self":[{"href":"https:\/\/www.antilhuelontue.cl\/index.php?rest_route=\/wp\/v2\/posts\/5491","targetHints":{"allow":["GET"]}}],"collection":[{"href":"https:\/\/www.antilhuelontue.cl\/index.php?rest_route=\/wp\/v2\/posts"}],"about":[{"href":"https:\/\/www.antilhuelontue.cl\/index.php?rest_route=\/wp\/v2\/types\/post"}],"author":[{"embeddable":true,"href":"https:\/\/www.antilhuelontue.cl\/index.php?rest_route=\/wp\/v2\/users\/1"}],"replies":[{"embeddable":true,"href":"https:\/\/www.antilhuelontue.cl\/index.php?rest_route=%2Fwp%2Fv2%2Fcomments&post=5491"}],"version-history":[{"count":2,"href":"https:\/\/www.antilhuelontue.cl\/index.php?rest_route=\/wp\/v2\/posts\/5491\/revisions"}],"predecessor-version":[{"id":5502,"href":"https:\/\/www.antilhuelontue.cl\/index.php?rest_route=\/wp\/v2\/posts\/5491\/revisions\/5502"}],"wp:featuredmedia":[{"embeddable":true,"href":"https:\/\/www.antilhuelontue.cl\/index.php?rest_route=\/wp\/v2\/media\/5496"}],"wp:attachment":[{"href":"https:\/\/www.antilhuelontue.cl\/index.php?rest_route=%2Fwp%2Fv2%2Fmedia&parent=5491"}],"wp:term":[{"taxonomy":"category","embeddable":true,"href":"https:\/\/www.antilhuelontue.cl\/index.php?rest_route=%2Fwp%2Fv2%2Fcategories&post=5491"},{"taxonomy":"post_tag","embeddable":true,"href":"https:\/\/www.antilhuelontue.cl\/index.php?rest_route=%2Fwp%2Fv2%2Ftags&post=5491"}],"curies":[{"name":"wp","href":"https:\/\/api.w.org\/{rel}","templated":true}]}}