{"id":5688,"date":"2022-05-12T20:15:00","date_gmt":"2022-05-13T00:15:00","guid":{"rendered":"https:\/\/www.antilhuelontue.cl\/?p=5688"},"modified":"2022-05-14T20:20:52","modified_gmt":"2022-05-15T00:20:52","slug":"cuenta-publica-gestion-2021","status":"publish","type":"post","link":"https:\/\/www.antilhuelontue.cl\/?p=5688","title":{"rendered":"Cuenta p\u00fablica gesti\u00f3n 2021"},"content":{"rendered":"\n<p>A cargo de nuestra directora Mylene Mu\u00f1oz Riquelme este jueves 12 se realiz\u00f3 la cuenta publica, en esta oportunidad se dio cuenta a la comunidad educativa sobre los hitos realizados durante el a\u00f1o 2021.<\/p>\n\n\n\n<figure class=\"wp-block-gallery has-nested-images columns-default is-cropped wp-block-gallery-1 is-layout-flex wp-block-gallery-is-layout-flex\">\n<figure class=\"wp-block-image size-large\"><img loading=\"lazy\" decoding=\"async\" width=\"1024\" height=\"768\" data-id=\"5689\" src=\"https:\/\/www.antilhuelontue.cl\/wp-content\/uploads\/2022\/05\/DSC01025-1024x768.jpg\" alt=\"\" class=\"wp-image-5689\" srcset=\"https:\/\/www.antilhuelontue.cl\/wp-content\/uploads\/2022\/05\/DSC01025-1024x768.jpg 1024w, https:\/\/www.antilhuelontue.cl\/wp-content\/uploads\/2022\/05\/DSC01025-300x225.jpg 300w, https:\/\/www.antilhuelontue.cl\/wp-content\/uploads\/2022\/05\/DSC01025-768x576.jpg 768w, https:\/\/www.antilhuelontue.cl\/wp-content\/uploads\/2022\/05\/DSC01025-1536x1152.jpg 1536w, https:\/\/www.antilhuelontue.cl\/wp-content\/uploads\/2022\/05\/DSC01025-2048x1536.jpg 2048w\" sizes=\"auto, (max-width: 1024px) 100vw, 1024px\" \/><\/figure>\n\n\n\n<figure class=\"wp-block-image size-large\"><img loading=\"lazy\" decoding=\"async\" width=\"1024\" height=\"768\" data-id=\"5690\" src=\"https:\/\/www.antilhuelontue.cl\/wp-content\/uploads\/2022\/05\/DSC01012-1024x768.jpg\" alt=\"\" class=\"wp-image-5690\" srcset=\"https:\/\/www.antilhuelontue.cl\/wp-content\/uploads\/2022\/05\/DSC01012-1024x768.jpg 1024w, https:\/\/www.antilhuelontue.cl\/wp-content\/uploads\/2022\/05\/DSC01012-300x225.jpg 300w, https:\/\/www.antilhuelontue.cl\/wp-content\/uploads\/2022\/05\/DSC01012-768x576.jpg 768w, https:\/\/www.antilhuelontue.cl\/wp-content\/uploads\/2022\/05\/DSC01012-1536x1152.jpg 1536w, https:\/\/www.antilhuelontue.cl\/wp-content\/uploads\/2022\/05\/DSC01012-2048x1536.jpg 2048w\" sizes=\"auto, (max-width: 1024px) 100vw, 1024px\" \/><\/figure>\n\n\n\n<figure class=\"wp-block-image size-large\"><img loading=\"lazy\" decoding=\"async\" width=\"1024\" height=\"768\" data-id=\"5692\" src=\"https:\/\/www.antilhuelontue.cl\/wp-content\/uploads\/2022\/05\/DSC01017-1024x768.jpg\" alt=\"\" class=\"wp-image-5692\" srcset=\"https:\/\/www.antilhuelontue.cl\/wp-content\/uploads\/2022\/05\/DSC01017-1024x768.jpg 1024w, https:\/\/www.antilhuelontue.cl\/wp-content\/uploads\/2022\/05\/DSC01017-300x225.jpg 300w, https:\/\/www.antilhuelontue.cl\/wp-content\/uploads\/2022\/05\/DSC01017-768x576.jpg 768w, https:\/\/www.antilhuelontue.cl\/wp-content\/uploads\/2022\/05\/DSC01017-1536x1152.jpg 1536w, https:\/\/www.antilhuelontue.cl\/wp-content\/uploads\/2022\/05\/DSC01017-2048x1536.jpg 2048w\" sizes=\"auto, (max-width: 1024px) 100vw, 1024px\" \/><\/figure>\n\n\n\n<figure class=\"wp-block-image size-large\"><img loading=\"lazy\" decoding=\"async\" width=\"1024\" height=\"768\" data-id=\"5693\" src=\"https:\/\/www.antilhuelontue.cl\/wp-content\/uploads\/2022\/05\/DSC01033-1024x768.jpg\" alt=\"\" class=\"wp-image-5693\" srcset=\"https:\/\/www.antilhuelontue.cl\/wp-content\/uploads\/2022\/05\/DSC01033-1024x768.jpg 1024w, https:\/\/www.antilhuelontue.cl\/wp-content\/uploads\/2022\/05\/DSC01033-300x225.jpg 300w, https:\/\/www.antilhuelontue.cl\/wp-content\/uploads\/2022\/05\/DSC01033-768x576.jpg 768w, https:\/\/www.antilhuelontue.cl\/wp-content\/uploads\/2022\/05\/DSC01033-1536x1152.jpg 1536w, https:\/\/www.antilhuelontue.cl\/wp-content\/uploads\/2022\/05\/DSC01033-2048x1536.jpg 2048w\" sizes=\"auto, (max-width: 1024px) 100vw, 1024px\" \/><\/figure>\n\n\n\n<figure class=\"wp-block-image size-large\"><img loading=\"lazy\" decoding=\"async\" width=\"1024\" height=\"768\" data-id=\"5694\" src=\"https:\/\/www.antilhuelontue.cl\/wp-content\/uploads\/2022\/05\/DSC01034-1024x768.jpg\" alt=\"\" class=\"wp-image-5694\" srcset=\"https:\/\/www.antilhuelontue.cl\/wp-content\/uploads\/2022\/05\/DSC01034-1024x768.jpg 1024w, https:\/\/www.antilhuelontue.cl\/wp-content\/uploads\/2022\/05\/DSC01034-300x225.jpg 300w, https:\/\/www.antilhuelontue.cl\/wp-content\/uploads\/2022\/05\/DSC01034-768x576.jpg 768w, https:\/\/www.antilhuelontue.cl\/wp-content\/uploads\/2022\/05\/DSC01034-1536x1152.jpg 1536w, https:\/\/www.antilhuelontue.cl\/wp-content\/uploads\/2022\/05\/DSC01034-2048x1536.jpg 2048w\" sizes=\"auto, (max-width: 1024px) 100vw, 1024px\" \/><\/figure>\n\n\n\n<figure class=\"wp-block-image size-large\"><img loading=\"lazy\" decoding=\"async\" width=\"1024\" height=\"768\" data-id=\"5691\" src=\"https:\/\/www.antilhuelontue.cl\/wp-content\/uploads\/2022\/05\/DSC01050-1024x768.jpg\" alt=\"\" class=\"wp-image-5691\" srcset=\"https:\/\/www.antilhuelontue.cl\/wp-content\/uploads\/2022\/05\/DSC01050-1024x768.jpg 1024w, https:\/\/www.antilhuelontue.cl\/wp-content\/uploads\/2022\/05\/DSC01050-300x225.jpg 300w, https:\/\/www.antilhuelontue.cl\/wp-content\/uploads\/2022\/05\/DSC01050-768x576.jpg 768w, https:\/\/www.antilhuelontue.cl\/wp-content\/uploads\/2022\/05\/DSC01050-1536x1152.jpg 1536w, https:\/\/www.antilhuelontue.cl\/wp-content\/uploads\/2022\/05\/DSC01050-2048x1536.jpg 2048w\" sizes=\"auto, (max-width: 1024px) 100vw, 1024px\" \/><\/figure>\n<\/figure>\n","protected":false},"excerpt":{"rendered":"<p>A cargo de nuestra directora Mylene Mu\u00f1oz Riquelme este jueves 12 se realiz\u00f3 la cuenta publica, en esta oportunidad se dio cuenta a la comunidad educativa sobre los&hellip; <\/p>\n","protected":false},"author":1,"featured_media":5693,"comment_status":"closed","ping_status":"closed","sticky":false,"template":"","format":"standard","meta":{"footnotes":""},"categories":[68,40,1],"tags":[],"class_list":["post-5688","post","type-post","status-publish","format-standard","has-post-thumbnail","hentry","category-acciones-pandemia","category-colegio","category-dire"],"_links":{"self":[{"href":"https:\/\/www.antilhuelontue.cl\/index.php?rest_route=\/wp\/v2\/posts\/5688","targetHints":{"allow":["GET"]}}],"collection":[{"href":"https:\/\/www.antilhuelontue.cl\/index.php?rest_route=\/wp\/v2\/posts"}],"about":[{"href":"https:\/\/www.antilhuelontue.cl\/index.php?rest_route=\/wp\/v2\/types\/post"}],"author":[{"embeddable":true,"href":"https:\/\/www.antilhuelontue.cl\/index.php?rest_route=\/wp\/v2\/users\/1"}],"replies":[{"embeddable":true,"href":"https:\/\/www.antilhuelontue.cl\/index.php?rest_route=%2Fwp%2Fv2%2Fcomments&post=5688"}],"version-history":[{"count":1,"href":"https:\/\/www.antilhuelontue.cl\/index.php?rest_route=\/wp\/v2\/posts\/5688\/revisions"}],"predecessor-version":[{"id":5695,"href":"https:\/\/www.antilhuelontue.cl\/index.php?rest_route=\/wp\/v2\/posts\/5688\/revisions\/5695"}],"wp:featuredmedia":[{"embeddable":true,"href":"https:\/\/www.antilhuelontue.cl\/index.php?rest_route=\/wp\/v2\/media\/5693"}],"wp:attachment":[{"href":"https:\/\/www.antilhuelontue.cl\/index.php?rest_route=%2Fwp%2Fv2%2Fmedia&parent=5688"}],"wp:term":[{"taxonomy":"category","embeddable":true,"href":"https:\/\/www.antilhuelontue.cl\/index.php?rest_route=%2Fwp%2Fv2%2Fcategories&post=5688"},{"taxonomy":"post_tag","embeddable":true,"href":"https:\/\/www.antilhuelontue.cl\/index.php?rest_route=%2Fwp%2Fv2%2Ftags&post=5688"}],"curies":[{"name":"wp","href":"https:\/\/api.w.org\/{rel}","templated":true}]}}