{"id":6236,"date":"2022-08-02T10:34:08","date_gmt":"2022-08-02T14:34:08","guid":{"rendered":"http:\/\/www.antilhuelontue.cl\/?p=6236"},"modified":"2022-08-02T10:34:08","modified_gmt":"2022-08-02T14:34:08","slug":"reuniones-de-apoderados-agosto","status":"publish","type":"post","link":"https:\/\/www.antilhuelontue.cl\/?p=6236","title":{"rendered":"Reuniones de apoderados Agosto"},"content":{"rendered":"\n<p>Estimada comunidad informamos d\u00edas y horarios de reuni\u00f3n de apoderados<\/p>\n\n\n\n<p><strong><em>Ense\u00f1anza B\u00e1sica<\/em><\/strong><\/p>\n\n\n\n<figure class=\"wp-block-table is-style-stripes\"><table><tbody><tr><td><strong>Curso<\/strong><strong><\/strong><\/td><td><strong>D\u00eda Reuni\u00f3n<\/strong><strong><\/strong><\/td><td><strong>Horario<\/strong><strong><\/strong><\/td><\/tr><tr><td>Pre-K\u00ednder<\/td><td><strong>Mi\u00e9rcoles 03\/08<\/strong><strong><\/strong><\/td><td>17:00 hrs.<\/td><\/tr><tr><td>K\u00ednder<\/td><td><strong>Jueves 04\/08<\/strong><\/td><td>17:00 hrs.<\/td><\/tr><tr><td>1\u00b0 B\u00e1sico<\/td><td><strong>Mi\u00e9rcoles 03\/08<\/strong><strong><\/strong><\/td><td>17:00 hrs.<\/td><\/tr><tr><td>2\u00b0 B\u00e1sico<\/td><td><strong>Lunes 08\/08<\/strong><\/td><td>17:00 hrs.<\/td><\/tr><tr><td>3\u00b0 B\u00e1sico<\/td><td><strong>Mi\u00e9rcoles 03\/08<\/strong><strong><\/strong><\/td><td>17:00 hrs.<\/td><\/tr><tr><td>4\u00b0 B\u00e1sico<\/td><td><strong>Jueves 04\/08<\/strong><\/td><td>17:00 hrs.<\/td><\/tr><tr><td>5\u00b0 B\u00e1sico<\/td><td><strong>Mi\u00e9rcoles 03\/08<\/strong><strong><\/strong><\/td><td>17:00 hrs.<\/td><\/tr><tr><td>6\u00b0 B\u00e1sico<\/td><td><strong>Mi\u00e9rcoles 03\/08<\/strong><\/td><td>17:00 hrs.<\/td><\/tr><\/tbody><\/table><\/figure>\n\n\n\n<p><strong><em>Ense\u00f1anza Media<\/em><\/strong><\/p>\n\n\n\n<figure class=\"wp-block-table is-style-stripes\"><table><tbody><tr><td><strong>Curso<\/strong><strong><\/strong><\/td><td><strong>D\u00eda Reuni\u00f3n<\/strong><strong><\/strong><\/td><td><strong>Horario<\/strong><strong><\/strong><\/td><\/tr><tr><td>7\u00b0 B\u00e1sico<\/td><td><strong>Mi\u00e9rcoles 03\/08<\/strong><strong><\/strong><\/td><td>17:00 hrs.<\/td><\/tr><tr><td>8\u00b0 B\u00e1sico<\/td><td><strong>Jueves 04\/08<\/strong><\/td><td>17:00 hrs.<\/td><\/tr><tr><td>1\u00b0 Medio A<\/td><td><strong>Mi\u00e9rcoles 03\/08<\/strong><strong><\/strong><\/td><td>17:00 hrs.<\/td><\/tr><tr><td>1\u00b0 Medio B<\/td><td><strong>Mi\u00e9rcoles 03\/08<\/strong><\/td><td>17:00 hrs.<\/td><\/tr><tr><td>2\u00b0 Medio A<\/td><td><strong>Mi\u00e9rcoles 03\/08<\/strong><strong><\/strong><\/td><td>17:00 hrs.<\/td><\/tr><tr><td>2\u00b0 Medio B<\/td><td><strong>Mi\u00e9rcoles 03\/08<\/strong><\/td><td>17:30 hrs.<\/td><\/tr><tr><td>3\u00b0 Medio HC<\/td><td><strong>Mi\u00e9rcoles 03\/08<\/strong><strong><\/strong><\/td><td>17:00 hrs.<\/td><\/tr><tr><td>3\u00b0 Medio ADM<\/td><td><strong>Mi\u00e9rcoles 03\/08&nbsp;<\/strong><\/td><td>16:30 hrs.<\/td><\/tr><tr><td>4\u00b0 Medio HC<\/td><td><strong>Mi\u00e9rcoles 03\/08<\/strong><strong><\/strong><\/td><td>17:00 hrs.<\/td><\/tr><tr><td>4\u00b0 Medio ADM<\/td><td><strong>Mi\u00e9rcoles 03\/08<\/strong><\/td><td>17:30 hrs.<\/td><\/tr><\/tbody><\/table><\/figure>\n","protected":false},"excerpt":{"rendered":"<p>Estimada comunidad informamos d\u00edas y horarios de reuni\u00f3n de apoderados Ense\u00f1anza B\u00e1sica Curso D\u00eda Reuni\u00f3n Horario Pre-K\u00ednder Mi\u00e9rcoles 03\/08 17:00 hrs. K\u00ednder Jueves 04\/08 17:00 hrs. 1\u00b0 B\u00e1sico&hellip; <\/p>\n","protected":false},"author":1,"featured_media":4894,"comment_status":"closed","ping_status":"closed","sticky":false,"template":"","format":"standard","meta":{"footnotes":""},"categories":[40],"tags":[],"class_list":["post-6236","post","type-post","status-publish","format-standard","has-post-thumbnail","hentry","category-colegio"],"_links":{"self":[{"href":"https:\/\/www.antilhuelontue.cl\/index.php?rest_route=\/wp\/v2\/posts\/6236","targetHints":{"allow":["GET"]}}],"collection":[{"href":"https:\/\/www.antilhuelontue.cl\/index.php?rest_route=\/wp\/v2\/posts"}],"about":[{"href":"https:\/\/www.antilhuelontue.cl\/index.php?rest_route=\/wp\/v2\/types\/post"}],"author":[{"embeddable":true,"href":"https:\/\/www.antilhuelontue.cl\/index.php?rest_route=\/wp\/v2\/users\/1"}],"replies":[{"embeddable":true,"href":"https:\/\/www.antilhuelontue.cl\/index.php?rest_route=%2Fwp%2Fv2%2Fcomments&post=6236"}],"version-history":[{"count":1,"href":"https:\/\/www.antilhuelontue.cl\/index.php?rest_route=\/wp\/v2\/posts\/6236\/revisions"}],"predecessor-version":[{"id":6237,"href":"https:\/\/www.antilhuelontue.cl\/index.php?rest_route=\/wp\/v2\/posts\/6236\/revisions\/6237"}],"wp:featuredmedia":[{"embeddable":true,"href":"https:\/\/www.antilhuelontue.cl\/index.php?rest_route=\/wp\/v2\/media\/4894"}],"wp:attachment":[{"href":"https:\/\/www.antilhuelontue.cl\/index.php?rest_route=%2Fwp%2Fv2%2Fmedia&parent=6236"}],"wp:term":[{"taxonomy":"category","embeddable":true,"href":"https:\/\/www.antilhuelontue.cl\/index.php?rest_route=%2Fwp%2Fv2%2Fcategories&post=6236"},{"taxonomy":"post_tag","embeddable":true,"href":"https:\/\/www.antilhuelontue.cl\/index.php?rest_route=%2Fwp%2Fv2%2Ftags&post=6236"}],"curies":[{"name":"wp","href":"https:\/\/api.w.org\/{rel}","templated":true}]}}