{"id":6344,"date":"2022-08-12T13:38:58","date_gmt":"2022-08-12T17:38:58","guid":{"rendered":"http:\/\/www.antilhuelontue.cl\/?p=6344"},"modified":"2022-11-02T09:02:58","modified_gmt":"2022-11-02T12:02:58","slug":"comunicado","status":"publish","type":"post","link":"https:\/\/www.antilhuelontue.cl\/?p=6344","title":{"rendered":"Comunicado"},"content":{"rendered":"\n<p>Estimada Comunidad Educativa<br>Junto con saludarlos afectuosamente en este avance del segundo semestre, enviamos los mejores deseos para cada uno de ustedes en este retorno con responsabilidad.<\/p>\n\n\n\n<p><br>Creemos que la comunicaci\u00f3n es la forma m\u00e1s efectiva de salir adelante, es por ello que queremos reiterar los horarios de entrada y salida de los alumnos, Los horarios de clases en funcionamiento 2022 son los siguientes:<br><\/p>\n\n\n<div class=\"wp-block-image is-style-default\">\n<figure class=\"aligncenter size-full is-resized\"><img loading=\"lazy\" decoding=\"async\" src=\"https:\/\/www.antilhuelontue.cl\/wp-content\/uploads\/2022\/08\/image-1.png\" alt=\"\" class=\"wp-image-6345\" width=\"616\" height=\"553\" srcset=\"https:\/\/www.antilhuelontue.cl\/wp-content\/uploads\/2022\/08\/image-1.png 821w, https:\/\/www.antilhuelontue.cl\/wp-content\/uploads\/2022\/08\/image-1-300x269.png 300w, https:\/\/www.antilhuelontue.cl\/wp-content\/uploads\/2022\/08\/image-1-768x689.png 768w\" sizes=\"auto, (max-width: 616px) 100vw, 616px\" \/><\/figure>\n<\/div>\n\n\n<p>Entendemos que este semestre es corto, y que ustedes como apoderados tienen dudas y consultas, es con este motivo que les invitamos a tener un continuo contacto con su respectivo profesor jefe, as\u00ed mismo si es necesaria una reuni\u00f3n con UTP, Convivencia Escolar o Direcci\u00f3n se solicita hacerlo en los siguientes horarios y previa coordinaci\u00f3n a trav\u00e9s del profesor jefe, inspectores o secretaria.<\/p>\n\n\n<div class=\"wp-block-image is-style-default\">\n<figure class=\"aligncenter size-full is-resized\"><img loading=\"lazy\" decoding=\"async\" src=\"https:\/\/www.antilhuelontue.cl\/wp-content\/uploads\/2022\/08\/image-2.png\" alt=\"\" class=\"wp-image-6346\" width=\"635\" height=\"206\" srcset=\"https:\/\/www.antilhuelontue.cl\/wp-content\/uploads\/2022\/08\/image-2.png 846w, https:\/\/www.antilhuelontue.cl\/wp-content\/uploads\/2022\/08\/image-2-300x97.png 300w, https:\/\/www.antilhuelontue.cl\/wp-content\/uploads\/2022\/08\/image-2-768x249.png 768w\" sizes=\"auto, (max-width: 635px) 100vw, 635px\" \/><\/figure>\n<\/div>\n\n\n<p>Respecto a las actividades se realizara un bingo en conjunto con el centro de padres y una fiesta de integraci\u00f3n cultural Folkl\u00f3rica el d\u00eda 29 de septiembre, se estar\u00e1n informando a trav\u00e9s de los profesores jefes durante la pr\u00f3xima semana.<\/p>\n\n\n\n<p><br>Adem\u00e1s les recordamos que los alumnos deben asistir al establecimiento con su uniforme escolar, el cual durante este 2022 corresponde al Buzo del Colegio.<\/p>\n\n\n\n<p><br>Esperamos su comprensi\u00f3n y ayuda en este proceso.<br>Un abrazo a la distancia.<\/p>\n\n\n\n<p><strong>Mylene Mu\u00f1oz Riquelme<\/strong>, Directora.<\/p>\n","protected":false},"excerpt":{"rendered":"<p>Estimada Comunidad EducativaJunto con saludarlos afectuosamente en este avance del segundo semestre, enviamos los mejores deseos para cada uno de ustedes en este retorno con responsabilidad. Creemos que&hellip; <\/p>\n","protected":false},"author":1,"featured_media":4894,"comment_status":"closed","ping_status":"closed","sticky":false,"template":"","format":"standard","meta":{"footnotes":""},"categories":[40,1],"tags":[],"class_list":["post-6344","post","type-post","status-publish","format-standard","has-post-thumbnail","hentry","category-colegio","category-dire"],"_links":{"self":[{"href":"https:\/\/www.antilhuelontue.cl\/index.php?rest_route=\/wp\/v2\/posts\/6344","targetHints":{"allow":["GET"]}}],"collection":[{"href":"https:\/\/www.antilhuelontue.cl\/index.php?rest_route=\/wp\/v2\/posts"}],"about":[{"href":"https:\/\/www.antilhuelontue.cl\/index.php?rest_route=\/wp\/v2\/types\/post"}],"author":[{"embeddable":true,"href":"https:\/\/www.antilhuelontue.cl\/index.php?rest_route=\/wp\/v2\/users\/1"}],"replies":[{"embeddable":true,"href":"https:\/\/www.antilhuelontue.cl\/index.php?rest_route=%2Fwp%2Fv2%2Fcomments&post=6344"}],"version-history":[{"count":8,"href":"https:\/\/www.antilhuelontue.cl\/index.php?rest_route=\/wp\/v2\/posts\/6344\/revisions"}],"predecessor-version":[{"id":6355,"href":"https:\/\/www.antilhuelontue.cl\/index.php?rest_route=\/wp\/v2\/posts\/6344\/revisions\/6355"}],"wp:featuredmedia":[{"embeddable":true,"href":"https:\/\/www.antilhuelontue.cl\/index.php?rest_route=\/wp\/v2\/media\/4894"}],"wp:attachment":[{"href":"https:\/\/www.antilhuelontue.cl\/index.php?rest_route=%2Fwp%2Fv2%2Fmedia&parent=6344"}],"wp:term":[{"taxonomy":"category","embeddable":true,"href":"https:\/\/www.antilhuelontue.cl\/index.php?rest_route=%2Fwp%2Fv2%2Fcategories&post=6344"},{"taxonomy":"post_tag","embeddable":true,"href":"https:\/\/www.antilhuelontue.cl\/index.php?rest_route=%2Fwp%2Fv2%2Ftags&post=6344"}],"curies":[{"name":"wp","href":"https:\/\/api.w.org\/{rel}","templated":true}]}}