{"id":6460,"date":"2022-09-07T14:05:48","date_gmt":"2022-09-07T17:05:48","guid":{"rendered":"http:\/\/www.antilhuelontue.cl\/?p=6460"},"modified":"2022-09-07T14:06:33","modified_gmt":"2022-09-07T17:06:33","slug":"ganadores-concurso-fotografico-reconociendo-nuestra-biodiversidad-local","status":"publish","type":"post","link":"https:\/\/www.antilhuelontue.cl\/?p=6460","title":{"rendered":"Ganadores concurso fotogr\u00e1fico \u00abReconociendo nuestra biodiversidad local\u00bb"},"content":{"rendered":"\n<p>Se agradece a toda la comunidad escolar por la participaci\u00f3n de la convocatoria y se invita a seguir participando de futuros concursos, a continuaci\u00f3n dejamos los ganadores.<\/p>\n\n\n\n<figure class=\"wp-block-gallery has-nested-images columns-default is-cropped wp-block-gallery-1 is-layout-flex wp-block-gallery-is-layout-flex\">\n<figure class=\"wp-block-image size-large is-style-default\"><img loading=\"lazy\" decoding=\"async\" width=\"1024\" height=\"768\" data-id=\"6474\" src=\"https:\/\/www.antilhuelontue.cl\/wp-content\/uploads\/2022\/09\/DSC02733-1-1024x768.jpg\" alt=\"\" class=\"wp-image-6474\" srcset=\"https:\/\/www.antilhuelontue.cl\/wp-content\/uploads\/2022\/09\/DSC02733-1-1024x768.jpg 1024w, https:\/\/www.antilhuelontue.cl\/wp-content\/uploads\/2022\/09\/DSC02733-1-300x225.jpg 300w, https:\/\/www.antilhuelontue.cl\/wp-content\/uploads\/2022\/09\/DSC02733-1-768x576.jpg 768w, https:\/\/www.antilhuelontue.cl\/wp-content\/uploads\/2022\/09\/DSC02733-1-1536x1152.jpg 1536w, https:\/\/www.antilhuelontue.cl\/wp-content\/uploads\/2022\/09\/DSC02733-1-2048x1536.jpg 2048w\" sizes=\"auto, (max-width: 1024px) 100vw, 1024px\" \/><figcaption>Alumnos Premiados<\/figcaption><\/figure>\n\n\n\n<figure class=\"wp-block-image size-large is-style-default\"><img loading=\"lazy\" decoding=\"async\" width=\"1024\" height=\"768\" data-id=\"6475\" src=\"https:\/\/www.antilhuelontue.cl\/wp-content\/uploads\/2022\/09\/DSC02734-1024x768.jpg\" alt=\"\" class=\"wp-image-6475\" srcset=\"https:\/\/www.antilhuelontue.cl\/wp-content\/uploads\/2022\/09\/DSC02734-1024x768.jpg 1024w, https:\/\/www.antilhuelontue.cl\/wp-content\/uploads\/2022\/09\/DSC02734-300x225.jpg 300w, https:\/\/www.antilhuelontue.cl\/wp-content\/uploads\/2022\/09\/DSC02734-768x576.jpg 768w, https:\/\/www.antilhuelontue.cl\/wp-content\/uploads\/2022\/09\/DSC02734-1536x1152.jpg 1536w, https:\/\/www.antilhuelontue.cl\/wp-content\/uploads\/2022\/09\/DSC02734-2048x1536.jpg 2048w\" sizes=\"auto, (max-width: 1024px) 100vw, 1024px\" \/><figcaption>Alumnos junto a Profesora Alejandra \u00c1valos Organizadora del Concurso <\/figcaption><\/figure>\n<\/figure>\n\n\n\n<p><\/p>\n\n\n\n<p class=\"has-text-align-center\"><strong>Categor\u00eda Ense\u00f1anza B\u00e1sica<\/strong><\/p>\n\n\n\n<p class=\"has-text-align-center\"><strong>Primer Lugar Joaqu\u00edn Ortega &#8211; Kinder<\/strong><\/p>\n\n\n<div class=\"wp-block-image is-style-default\">\n<figure class=\"aligncenter size-large is-resized\"><img loading=\"lazy\" decoding=\"async\" src=\"https:\/\/www.antilhuelontue.cl\/wp-content\/uploads\/2022\/09\/Joaquin-Ortega-Kinder-Enero-2020-El-Radal-Molina-1024x662.jpg\" alt=\"\" class=\"wp-image-6461\" width=\"512\" height=\"331\" srcset=\"https:\/\/www.antilhuelontue.cl\/wp-content\/uploads\/2022\/09\/Joaquin-Ortega-Kinder-Enero-2020-El-Radal-Molina-1024x662.jpg 1024w, https:\/\/www.antilhuelontue.cl\/wp-content\/uploads\/2022\/09\/Joaquin-Ortega-Kinder-Enero-2020-El-Radal-Molina-300x194.jpg 300w, https:\/\/www.antilhuelontue.cl\/wp-content\/uploads\/2022\/09\/Joaquin-Ortega-Kinder-Enero-2020-El-Radal-Molina-768x496.jpg 768w, https:\/\/www.antilhuelontue.cl\/wp-content\/uploads\/2022\/09\/Joaquin-Ortega-Kinder-Enero-2020-El-Radal-Molina-1536x993.jpg 1536w, https:\/\/www.antilhuelontue.cl\/wp-content\/uploads\/2022\/09\/Joaquin-Ortega-Kinder-Enero-2020-El-Radal-Molina-2048x1323.jpg 2048w\" sizes=\"auto, (max-width: 512px) 100vw, 512px\" \/><figcaption>Nombre Com\u00fan: Matabuey, Mata Caballo, Jotez\u00f3n del monte -Nombre Cientifico: Acanthinodera Cumingii<\/figcaption><\/figure>\n<\/div>\n\n\n<p class=\"has-text-align-center\"><strong>Segundo Lugar<\/strong> <strong>Constanza V\u00e1squez &#8211; 1\u00b0 B\u00e1sico<\/strong><\/p>\n\n\n<div class=\"wp-block-image is-style-default\">\n<figure class=\"aligncenter size-large is-resized\"><img loading=\"lazy\" decoding=\"async\" src=\"https:\/\/www.antilhuelontue.cl\/wp-content\/uploads\/2022\/09\/IMG-20220630-WA0016-918x1024.jpg\" alt=\"\" class=\"wp-image-6463\" width=\"459\" height=\"512\" srcset=\"https:\/\/www.antilhuelontue.cl\/wp-content\/uploads\/2022\/09\/IMG-20220630-WA0016-918x1024.jpg 918w, https:\/\/www.antilhuelontue.cl\/wp-content\/uploads\/2022\/09\/IMG-20220630-WA0016-269x300.jpg 269w, https:\/\/www.antilhuelontue.cl\/wp-content\/uploads\/2022\/09\/IMG-20220630-WA0016-768x857.jpg 768w, https:\/\/www.antilhuelontue.cl\/wp-content\/uploads\/2022\/09\/IMG-20220630-WA0016.jpg 1080w\" sizes=\"auto, (max-width: 459px) 100vw, 459px\" \/><figcaption>Nombre Com\u00fan: Paloma brav\u00eda  &#8211;  Nombre Cient\u00edfico: Columba Livia<\/figcaption><\/figure>\n<\/div>\n\n\n<p class=\"has-text-align-center\"><strong>Tercer Lugar<\/strong>  <strong>Joaqu\u00edn Ortega &#8211; Kinder<\/strong><\/p>\n\n\n<div class=\"wp-block-image is-style-default\">\n<figure class=\"aligncenter size-large is-resized\"><img loading=\"lazy\" decoding=\"async\" src=\"https:\/\/www.antilhuelontue.cl\/wp-content\/uploads\/2022\/09\/Joaquin-Ortega-Kinder-Junio-2022-Lontue-1024x684.jpg\" alt=\"\" class=\"wp-image-6464\" width=\"512\" height=\"342\" srcset=\"https:\/\/www.antilhuelontue.cl\/wp-content\/uploads\/2022\/09\/Joaquin-Ortega-Kinder-Junio-2022-Lontue-1024x684.jpg 1024w, https:\/\/www.antilhuelontue.cl\/wp-content\/uploads\/2022\/09\/Joaquin-Ortega-Kinder-Junio-2022-Lontue-300x200.jpg 300w, https:\/\/www.antilhuelontue.cl\/wp-content\/uploads\/2022\/09\/Joaquin-Ortega-Kinder-Junio-2022-Lontue-768x513.jpg 768w, https:\/\/www.antilhuelontue.cl\/wp-content\/uploads\/2022\/09\/Joaquin-Ortega-Kinder-Junio-2022-Lontue-1536x1026.jpg 1536w, https:\/\/www.antilhuelontue.cl\/wp-content\/uploads\/2022\/09\/Joaquin-Ortega-Kinder-Junio-2022-Lontue.jpg 2048w\" sizes=\"auto, (max-width: 512px) 100vw, 512px\" \/><figcaption>Nombre Com\u00fan: Gorri\u00f3n &#8211; Nombre Cient\u00edfico: Passer Domesticus<\/figcaption><\/figure>\n<\/div>\n\n\n<hr class=\"wp-block-separator has-alpha-channel-opacity\"\/>\n\n\n\n<p class=\"has-text-align-center\"><strong>Categor\u00eda Ense\u00f1anza Media<\/strong> <\/p>\n\n\n\n<p class=\"has-text-align-center\"><strong>Primer Lugar Diego Robles &#8211; 2\u00b0 Medio A<\/strong><\/p>\n\n\n<div class=\"wp-block-image is-style-default\">\n<figure class=\"aligncenter size-full is-resized\"><img loading=\"lazy\" decoding=\"async\" src=\"https:\/\/www.antilhuelontue.cl\/wp-content\/uploads\/2022\/09\/IMG-20220731-WA0006.jpg\" alt=\"\" class=\"wp-image-6465\" width=\"281\" height=\"500\" srcset=\"https:\/\/www.antilhuelontue.cl\/wp-content\/uploads\/2022\/09\/IMG-20220731-WA0006.jpg 562w, https:\/\/www.antilhuelontue.cl\/wp-content\/uploads\/2022\/09\/IMG-20220731-WA0006-169x300.jpg 169w\" sizes=\"auto, (max-width: 281px) 100vw, 281px\" \/><figcaption>Nombre Com\u00fan: Picaflor Chico &#8211;   Nombre Cient\u00edfico: Sephanoides Sephanoides <\/figcaption><\/figure>\n<\/div>\n\n\n<p class=\"has-text-align-center\"><strong>Segundo Lugar Benjam\u00edn Bernal &#8211; 4\u00b0 Humanista Cient\u00edfico<\/strong><\/p>\n\n\n<div class=\"wp-block-image is-style-default\">\n<figure class=\"aligncenter size-large is-resized\"><img loading=\"lazy\" decoding=\"async\" src=\"https:\/\/www.antilhuelontue.cl\/wp-content\/uploads\/2022\/09\/1-181-683x1024.jpg\" alt=\"\" class=\"wp-image-6466\" width=\"342\" height=\"512\" srcset=\"https:\/\/www.antilhuelontue.cl\/wp-content\/uploads\/2022\/09\/1-181-683x1024.jpg 683w, https:\/\/www.antilhuelontue.cl\/wp-content\/uploads\/2022\/09\/1-181-200x300.jpg 200w, https:\/\/www.antilhuelontue.cl\/wp-content\/uploads\/2022\/09\/1-181-768x1152.jpg 768w, https:\/\/www.antilhuelontue.cl\/wp-content\/uploads\/2022\/09\/1-181-1024x1536.jpg 1024w, https:\/\/www.antilhuelontue.cl\/wp-content\/uploads\/2022\/09\/1-181-1365x2048.jpg 1365w, https:\/\/www.antilhuelontue.cl\/wp-content\/uploads\/2022\/09\/1-181-scaled.jpg 1707w\" sizes=\"auto, (max-width: 342px) 100vw, 342px\" \/><figcaption>Nombre Com\u00fan: C\u00f3ndor Andino &#8211; Nombre Cientifico: Vultur Gryphus<\/figcaption><\/figure>\n<\/div>\n\n\n<p class=\"has-text-align-center\"><strong>Tercer Lugar Valentina Espinoza &#8211; 4\u00b0 Humanista Cient\u00edfico<\/strong><\/p>\n\n\n<div class=\"wp-block-image is-style-default\">\n<figure class=\"aligncenter size-large is-resized\"><img loading=\"lazy\" decoding=\"async\" src=\"https:\/\/www.antilhuelontue.cl\/wp-content\/uploads\/2022\/09\/IMG-20220616-WA0088-1024x768.jpg\" alt=\"\" class=\"wp-image-6467\" width=\"512\" height=\"384\" srcset=\"https:\/\/www.antilhuelontue.cl\/wp-content\/uploads\/2022\/09\/IMG-20220616-WA0088-1024x768.jpg 1024w, https:\/\/www.antilhuelontue.cl\/wp-content\/uploads\/2022\/09\/IMG-20220616-WA0088-300x225.jpg 300w, https:\/\/www.antilhuelontue.cl\/wp-content\/uploads\/2022\/09\/IMG-20220616-WA0088-768x576.jpg 768w, https:\/\/www.antilhuelontue.cl\/wp-content\/uploads\/2022\/09\/IMG-20220616-WA0088-1536x1152.jpg 1536w, https:\/\/www.antilhuelontue.cl\/wp-content\/uploads\/2022\/09\/IMG-20220616-WA0088.jpg 1600w\" sizes=\"auto, (max-width: 512px) 100vw, 512px\" \/><figcaption>Nombre Com\u00fan: Tar\u00e1ntula, Ara\u00f1a Pollito  &#8211; Nombre Cient\u00edfico: Grammostola Rosea<\/figcaption><\/figure>\n<\/div>","protected":false},"excerpt":{"rendered":"<p>Se agradece a toda la comunidad escolar por la participaci\u00f3n de la convocatoria y se invita a seguir participando de futuros concursos, a continuaci\u00f3n dejamos los ganadores. Categor\u00eda&hellip; <\/p>\n","protected":false},"author":1,"featured_media":6468,"comment_status":"closed","ping_status":"closed","sticky":false,"template":"","format":"standard","meta":{"footnotes":""},"categories":[40,1],"tags":[],"class_list":["post-6460","post","type-post","status-publish","format-standard","has-post-thumbnail","hentry","category-colegio","category-dire"],"_links":{"self":[{"href":"https:\/\/www.antilhuelontue.cl\/index.php?rest_route=\/wp\/v2\/posts\/6460","targetHints":{"allow":["GET"]}}],"collection":[{"href":"https:\/\/www.antilhuelontue.cl\/index.php?rest_route=\/wp\/v2\/posts"}],"about":[{"href":"https:\/\/www.antilhuelontue.cl\/index.php?rest_route=\/wp\/v2\/types\/post"}],"author":[{"embeddable":true,"href":"https:\/\/www.antilhuelontue.cl\/index.php?rest_route=\/wp\/v2\/users\/1"}],"replies":[{"embeddable":true,"href":"https:\/\/www.antilhuelontue.cl\/index.php?rest_route=%2Fwp%2Fv2%2Fcomments&post=6460"}],"version-history":[{"count":7,"href":"https:\/\/www.antilhuelontue.cl\/index.php?rest_route=\/wp\/v2\/posts\/6460\/revisions"}],"predecessor-version":[{"id":6477,"href":"https:\/\/www.antilhuelontue.cl\/index.php?rest_route=\/wp\/v2\/posts\/6460\/revisions\/6477"}],"wp:featuredmedia":[{"embeddable":true,"href":"https:\/\/www.antilhuelontue.cl\/index.php?rest_route=\/wp\/v2\/media\/6468"}],"wp:attachment":[{"href":"https:\/\/www.antilhuelontue.cl\/index.php?rest_route=%2Fwp%2Fv2%2Fmedia&parent=6460"}],"wp:term":[{"taxonomy":"category","embeddable":true,"href":"https:\/\/www.antilhuelontue.cl\/index.php?rest_route=%2Fwp%2Fv2%2Fcategories&post=6460"},{"taxonomy":"post_tag","embeddable":true,"href":"https:\/\/www.antilhuelontue.cl\/index.php?rest_route=%2Fwp%2Fv2%2Ftags&post=6460"}],"curies":[{"name":"wp","href":"https:\/\/api.w.org\/{rel}","templated":true}]}}