{"id":7095,"date":"2023-05-02T12:05:49","date_gmt":"2023-05-02T16:05:49","guid":{"rendered":"http:\/\/www.antilhuelontue.cl\/?p=7095"},"modified":"2023-05-02T12:06:52","modified_gmt":"2023-05-02T16:06:52","slug":"celebracion-dia-del-carabinero","status":"publish","type":"post","link":"https:\/\/www.antilhuelontue.cl\/?p=7095","title":{"rendered":"Celebraci\u00f3n D\u00eda del Carabinero"},"content":{"rendered":"\n<p>En conmemoraci\u00f3n de un nuevo aniversario de Carabineros de Chile, Nuestros alumnos compartieron con el jefe de ret\u00e9n Entre R\u00edos qui\u00e9n asisti\u00f3 a nuestro colegio en representaci\u00f3n del jefe de ret\u00e9n Lontu\u00e9, en esta oportunidad los ni\u00f1os y ni\u00f1as entonaron el himno de la instituci\u00f3n junto con entregarle algunos detalles y mucho cari\u00f1o al oficial Medina qui\u00e9n se mostr\u00f3 muy emocionado por el acogedor homenaje preparado por nuestros ni\u00f1os, ni\u00f1as y sus educadoras<\/p>\n\n\n\n<p><\/p>\n\n\n\n<figure class=\"wp-block-gallery has-nested-images columns-2 is-cropped wp-block-gallery-1 is-layout-flex wp-block-gallery-is-layout-flex\">\n<figure class=\"wp-block-image size-large is-style-default\"><img loading=\"lazy\" decoding=\"async\" width=\"768\" height=\"1024\" data-id=\"7096\" src=\"https:\/\/www.antilhuelontue.cl\/wp-content\/uploads\/2023\/05\/1683042882186-768x1024.jpg\" alt=\"\" class=\"wp-image-7096\" srcset=\"https:\/\/www.antilhuelontue.cl\/wp-content\/uploads\/2023\/05\/1683042882186-768x1024.jpg 768w, https:\/\/www.antilhuelontue.cl\/wp-content\/uploads\/2023\/05\/1683042882186-225x300.jpg 225w, https:\/\/www.antilhuelontue.cl\/wp-content\/uploads\/2023\/05\/1683042882186-1152x1536.jpg 1152w, https:\/\/www.antilhuelontue.cl\/wp-content\/uploads\/2023\/05\/1683042882186-1536x2048.jpg 1536w, https:\/\/www.antilhuelontue.cl\/wp-content\/uploads\/2023\/05\/1683042882186-scaled.jpg 1920w\" sizes=\"auto, (max-width: 768px) 100vw, 768px\" \/><\/figure>\n\n\n\n<figure class=\"wp-block-image size-large is-style-default\"><img loading=\"lazy\" decoding=\"async\" width=\"1024\" height=\"768\" data-id=\"7099\" src=\"https:\/\/www.antilhuelontue.cl\/wp-content\/uploads\/2023\/05\/1683042882144-1024x768.jpg\" alt=\"\" class=\"wp-image-7099\" srcset=\"https:\/\/www.antilhuelontue.cl\/wp-content\/uploads\/2023\/05\/1683042882144-1024x768.jpg 1024w, https:\/\/www.antilhuelontue.cl\/wp-content\/uploads\/2023\/05\/1683042882144-300x225.jpg 300w, https:\/\/www.antilhuelontue.cl\/wp-content\/uploads\/2023\/05\/1683042882144-768x576.jpg 768w, https:\/\/www.antilhuelontue.cl\/wp-content\/uploads\/2023\/05\/1683042882144-1536x1152.jpg 1536w, https:\/\/www.antilhuelontue.cl\/wp-content\/uploads\/2023\/05\/1683042882144-2048x1536.jpg 2048w\" sizes=\"auto, (max-width: 1024px) 100vw, 1024px\" \/><\/figure>\n\n\n\n<figure class=\"wp-block-image size-large is-style-default\"><img loading=\"lazy\" decoding=\"async\" width=\"1024\" height=\"768\" data-id=\"7098\" src=\"https:\/\/www.antilhuelontue.cl\/wp-content\/uploads\/2023\/05\/1683042882171-1024x768.jpg\" alt=\"\" class=\"wp-image-7098\" srcset=\"https:\/\/www.antilhuelontue.cl\/wp-content\/uploads\/2023\/05\/1683042882171-1024x768.jpg 1024w, https:\/\/www.antilhuelontue.cl\/wp-content\/uploads\/2023\/05\/1683042882171-300x225.jpg 300w, https:\/\/www.antilhuelontue.cl\/wp-content\/uploads\/2023\/05\/1683042882171-768x576.jpg 768w, https:\/\/www.antilhuelontue.cl\/wp-content\/uploads\/2023\/05\/1683042882171-1536x1152.jpg 1536w, https:\/\/www.antilhuelontue.cl\/wp-content\/uploads\/2023\/05\/1683042882171-2048x1536.jpg 2048w\" sizes=\"auto, (max-width: 1024px) 100vw, 1024px\" \/><\/figure>\n\n\n\n<figure class=\"wp-block-image size-large is-style-default\"><img loading=\"lazy\" decoding=\"async\" width=\"1024\" height=\"768\" data-id=\"7097\" src=\"https:\/\/www.antilhuelontue.cl\/wp-content\/uploads\/2023\/05\/1683042882193-1024x768.jpg\" alt=\"\" class=\"wp-image-7097\" srcset=\"https:\/\/www.antilhuelontue.cl\/wp-content\/uploads\/2023\/05\/1683042882193-1024x768.jpg 1024w, https:\/\/www.antilhuelontue.cl\/wp-content\/uploads\/2023\/05\/1683042882193-300x225.jpg 300w, https:\/\/www.antilhuelontue.cl\/wp-content\/uploads\/2023\/05\/1683042882193-768x576.jpg 768w, https:\/\/www.antilhuelontue.cl\/wp-content\/uploads\/2023\/05\/1683042882193-1536x1152.jpg 1536w, https:\/\/www.antilhuelontue.cl\/wp-content\/uploads\/2023\/05\/1683042882193-2048x1536.jpg 2048w\" sizes=\"auto, (max-width: 1024px) 100vw, 1024px\" \/><\/figure>\n<\/figure>\n","protected":false},"excerpt":{"rendered":"<p>En conmemoraci\u00f3n de un nuevo aniversario de Carabineros de Chile, Nuestros alumnos compartieron con el jefe de ret\u00e9n Entre R\u00edos qui\u00e9n asisti\u00f3 a nuestro colegio en representaci\u00f3n del&hellip; <\/p>\n","protected":false},"author":1,"featured_media":7097,"comment_status":"closed","ping_status":"closed","sticky":false,"template":"","format":"standard","meta":{"footnotes":""},"categories":[40,53],"tags":[],"class_list":["post-7095","post","type-post","status-publish","format-standard","has-post-thumbnail","hentry","category-colegio","category-ensenanza-basica"],"_links":{"self":[{"href":"https:\/\/www.antilhuelontue.cl\/index.php?rest_route=\/wp\/v2\/posts\/7095","targetHints":{"allow":["GET"]}}],"collection":[{"href":"https:\/\/www.antilhuelontue.cl\/index.php?rest_route=\/wp\/v2\/posts"}],"about":[{"href":"https:\/\/www.antilhuelontue.cl\/index.php?rest_route=\/wp\/v2\/types\/post"}],"author":[{"embeddable":true,"href":"https:\/\/www.antilhuelontue.cl\/index.php?rest_route=\/wp\/v2\/users\/1"}],"replies":[{"embeddable":true,"href":"https:\/\/www.antilhuelontue.cl\/index.php?rest_route=%2Fwp%2Fv2%2Fcomments&post=7095"}],"version-history":[{"count":3,"href":"https:\/\/www.antilhuelontue.cl\/index.php?rest_route=\/wp\/v2\/posts\/7095\/revisions"}],"predecessor-version":[{"id":7102,"href":"https:\/\/www.antilhuelontue.cl\/index.php?rest_route=\/wp\/v2\/posts\/7095\/revisions\/7102"}],"wp:featuredmedia":[{"embeddable":true,"href":"https:\/\/www.antilhuelontue.cl\/index.php?rest_route=\/wp\/v2\/media\/7097"}],"wp:attachment":[{"href":"https:\/\/www.antilhuelontue.cl\/index.php?rest_route=%2Fwp%2Fv2%2Fmedia&parent=7095"}],"wp:term":[{"taxonomy":"category","embeddable":true,"href":"https:\/\/www.antilhuelontue.cl\/index.php?rest_route=%2Fwp%2Fv2%2Fcategories&post=7095"},{"taxonomy":"post_tag","embeddable":true,"href":"https:\/\/www.antilhuelontue.cl\/index.php?rest_route=%2Fwp%2Fv2%2Ftags&post=7095"}],"curies":[{"name":"wp","href":"https:\/\/api.w.org\/{rel}","templated":true}]}}