{"id":7164,"date":"2023-06-14T10:01:34","date_gmt":"2023-06-14T14:01:34","guid":{"rendered":"http:\/\/www.antilhuelontue.cl\/?p=7164"},"modified":"2023-06-20T08:24:26","modified_gmt":"2023-06-20T12:24:26","slug":"comunicado-direccion","status":"publish","type":"post","link":"https:\/\/www.antilhuelontue.cl\/?p=7164","title":{"rendered":"Comunicado Direcci\u00f3n"},"content":{"rendered":"\n<p>Estimadas familias<\/p>\n\n\n\n<p>Junto con saludarles y esperando se encuentren muy bien, en el marco de la campa\u00f1a de invierno \u201ccuid\u00e9monos de las enfermedades respiratorias\u201d impulsadas por el ministerio de salud, en conjunto con el ministerio de educaci\u00f3n, que tiene por finalidad minimizar los efectos de los virus respiratorios, asumimos la obligatoriedad del uso de mascarillas para los estudiantes desde los 5 a\u00f1os, as\u00ed como para los adultos que trabajen con estos j\u00f3venes e nuestra instituci\u00f3n.<\/p>\n\n\n\n<p>Para todos aquellos estudiantes que no tengan su mascarilla, as\u00ed como para los recambios respectivos, el colegio dispondr\u00e1 en inspector\u00eda de las mascarillas necesarias para cubrir las necesidades. Les solicitamos a ustedes como apoderados nos ayuden a crear conciencia en nuestros estudiantes no solo de la obligatoriedad, sino tambi\u00e9n de la utilidad y el beneficio que trae el uso de mascarillas.<\/p>\n\n\n\n<p>Por otra parte, recordar que tambi\u00e9n por sugerencia del ministerio de educaci\u00f3n, no se exigir\u00e1 el certificado m\u00e9dico en casos de ausencias, pero si el justificativo presencial en el colegio por parte de los apoderados.<\/p>\n\n\n\n<p>Fabi\u00e1n Peredo Due\u00f1a<\/p>\n\n\n\n<p><strong>Director Colegio T\u00e9cnico Antilhue<\/strong><\/p>\n","protected":false},"excerpt":{"rendered":"<p>Estimadas familias Junto con saludarles y esperando se encuentren muy bien, en el marco de la campa\u00f1a de invierno \u201ccuid\u00e9monos de las enfermedades respiratorias\u201d impulsadas por el ministerio&hellip; <\/p>\n","protected":false},"author":1,"featured_media":7204,"comment_status":"closed","ping_status":"closed","sticky":false,"template":"","format":"standard","meta":{"footnotes":""},"categories":[40,1],"tags":[],"class_list":["post-7164","post","type-post","status-publish","format-standard","has-post-thumbnail","hentry","category-colegio","category-dire"],"_links":{"self":[{"href":"https:\/\/www.antilhuelontue.cl\/index.php?rest_route=\/wp\/v2\/posts\/7164","targetHints":{"allow":["GET"]}}],"collection":[{"href":"https:\/\/www.antilhuelontue.cl\/index.php?rest_route=\/wp\/v2\/posts"}],"about":[{"href":"https:\/\/www.antilhuelontue.cl\/index.php?rest_route=\/wp\/v2\/types\/post"}],"author":[{"embeddable":true,"href":"https:\/\/www.antilhuelontue.cl\/index.php?rest_route=\/wp\/v2\/users\/1"}],"replies":[{"embeddable":true,"href":"https:\/\/www.antilhuelontue.cl\/index.php?rest_route=%2Fwp%2Fv2%2Fcomments&post=7164"}],"version-history":[{"count":2,"href":"https:\/\/www.antilhuelontue.cl\/index.php?rest_route=\/wp\/v2\/posts\/7164\/revisions"}],"predecessor-version":[{"id":7186,"href":"https:\/\/www.antilhuelontue.cl\/index.php?rest_route=\/wp\/v2\/posts\/7164\/revisions\/7186"}],"wp:featuredmedia":[{"embeddable":true,"href":"https:\/\/www.antilhuelontue.cl\/index.php?rest_route=\/wp\/v2\/media\/7204"}],"wp:attachment":[{"href":"https:\/\/www.antilhuelontue.cl\/index.php?rest_route=%2Fwp%2Fv2%2Fmedia&parent=7164"}],"wp:term":[{"taxonomy":"category","embeddable":true,"href":"https:\/\/www.antilhuelontue.cl\/index.php?rest_route=%2Fwp%2Fv2%2Fcategories&post=7164"},{"taxonomy":"post_tag","embeddable":true,"href":"https:\/\/www.antilhuelontue.cl\/index.php?rest_route=%2Fwp%2Fv2%2Ftags&post=7164"}],"curies":[{"name":"wp","href":"https:\/\/api.w.org\/{rel}","templated":true}]}}