{"id":8543,"date":"2024-08-23T11:14:01","date_gmt":"2024-08-23T15:14:01","guid":{"rendered":"https:\/\/www.antilhuelontue.cl\/?p=8543"},"modified":"2024-08-23T11:15:07","modified_gmt":"2024-08-23T15:15:07","slug":"antilhue-presente-en-feria-vocacional-escuela-porvenir-de-rio-claro","status":"publish","type":"post","link":"https:\/\/www.antilhuelontue.cl\/?p=8543","title":{"rendered":"Exitosa jornada en Feria vocacional Escuela Porvenir de R\u00edo Claro"},"content":{"rendered":"\n<p>Esta semana fuimos invitados a la feria de ense\u00f1anza media de la Escuela El Porvenir donde presentamos nuestra oferta educativa para ense\u00f1anza media Presentamos las modalidades Humanista-Cient\u00edfica y Administraci\u00f3n en recursos humanos, adem\u00e1s del trabajo que se realiza en talleres extra program\u00e1ticos, art\u00edsticos, deportivos y computacionales\u00a0.<\/p>\n\n\n\n<figure class=\"wp-block-gallery has-nested-images columns-default is-cropped wp-block-gallery-1 is-layout-flex wp-block-gallery-is-layout-flex\">\n<figure class=\"wp-block-image size-large is-style-default\"><img loading=\"lazy\" decoding=\"async\" width=\"1024\" height=\"768\" data-id=\"8545\" src=\"https:\/\/www.antilhuelontue.cl\/wp-content\/uploads\/2024\/08\/WhatsApp-Image-2024-08-20-at-10.54.23-AM-1-1024x768.jpeg\" alt=\"\" class=\"wp-image-8545\" srcset=\"https:\/\/www.antilhuelontue.cl\/wp-content\/uploads\/2024\/08\/WhatsApp-Image-2024-08-20-at-10.54.23-AM-1-1024x768.jpeg 1024w, https:\/\/www.antilhuelontue.cl\/wp-content\/uploads\/2024\/08\/WhatsApp-Image-2024-08-20-at-10.54.23-AM-1-300x225.jpeg 300w, https:\/\/www.antilhuelontue.cl\/wp-content\/uploads\/2024\/08\/WhatsApp-Image-2024-08-20-at-10.54.23-AM-1-768x576.jpeg 768w, https:\/\/www.antilhuelontue.cl\/wp-content\/uploads\/2024\/08\/WhatsApp-Image-2024-08-20-at-10.54.23-AM-1-1536x1152.jpeg 1536w, https:\/\/www.antilhuelontue.cl\/wp-content\/uploads\/2024\/08\/WhatsApp-Image-2024-08-20-at-10.54.23-AM-1-2048x1536.jpeg 2048w\" sizes=\"auto, (max-width: 1024px) 100vw, 1024px\" \/><\/figure>\n\n\n\n<figure class=\"wp-block-image size-large is-style-default\"><img loading=\"lazy\" decoding=\"async\" width=\"768\" height=\"1024\" data-id=\"8544\" src=\"https:\/\/www.antilhuelontue.cl\/wp-content\/uploads\/2024\/08\/WhatsApp-Image-2024-08-20-at-10.54.23-AM-768x1024.jpeg\" alt=\"\" class=\"wp-image-8544\" srcset=\"https:\/\/www.antilhuelontue.cl\/wp-content\/uploads\/2024\/08\/WhatsApp-Image-2024-08-20-at-10.54.23-AM-768x1024.jpeg 768w, https:\/\/www.antilhuelontue.cl\/wp-content\/uploads\/2024\/08\/WhatsApp-Image-2024-08-20-at-10.54.23-AM-225x300.jpeg 225w, https:\/\/www.antilhuelontue.cl\/wp-content\/uploads\/2024\/08\/WhatsApp-Image-2024-08-20-at-10.54.23-AM-1152x1536.jpeg 1152w, https:\/\/www.antilhuelontue.cl\/wp-content\/uploads\/2024\/08\/WhatsApp-Image-2024-08-20-at-10.54.23-AM-1536x2048.jpeg 1536w, https:\/\/www.antilhuelontue.cl\/wp-content\/uploads\/2024\/08\/WhatsApp-Image-2024-08-20-at-10.54.23-AM-scaled.jpeg 1920w\" sizes=\"auto, (max-width: 768px) 100vw, 768px\" \/><\/figure>\n<\/figure>\n","protected":false},"excerpt":{"rendered":"<p>Esta semana fuimos invitados a la feria de ense\u00f1anza media de la Escuela El Porvenir donde presentamos nuestra oferta educativa para ense\u00f1anza media Presentamos las modalidades Humanista-Cient\u00edfica y&hellip; <\/p>\n","protected":false},"author":1,"featured_media":8545,"comment_status":"closed","ping_status":"closed","sticky":false,"template":"","format":"standard","meta":{"footnotes":""},"categories":[44,40],"tags":[],"class_list":["post-8543","post","type-post","status-publish","format-standard","has-post-thumbnail","hentry","category-admision","category-colegio"],"_links":{"self":[{"href":"https:\/\/www.antilhuelontue.cl\/index.php?rest_route=\/wp\/v2\/posts\/8543","targetHints":{"allow":["GET"]}}],"collection":[{"href":"https:\/\/www.antilhuelontue.cl\/index.php?rest_route=\/wp\/v2\/posts"}],"about":[{"href":"https:\/\/www.antilhuelontue.cl\/index.php?rest_route=\/wp\/v2\/types\/post"}],"author":[{"embeddable":true,"href":"https:\/\/www.antilhuelontue.cl\/index.php?rest_route=\/wp\/v2\/users\/1"}],"replies":[{"embeddable":true,"href":"https:\/\/www.antilhuelontue.cl\/index.php?rest_route=%2Fwp%2Fv2%2Fcomments&post=8543"}],"version-history":[{"count":3,"href":"https:\/\/www.antilhuelontue.cl\/index.php?rest_route=\/wp\/v2\/posts\/8543\/revisions"}],"predecessor-version":[{"id":8548,"href":"https:\/\/www.antilhuelontue.cl\/index.php?rest_route=\/wp\/v2\/posts\/8543\/revisions\/8548"}],"wp:featuredmedia":[{"embeddable":true,"href":"https:\/\/www.antilhuelontue.cl\/index.php?rest_route=\/wp\/v2\/media\/8545"}],"wp:attachment":[{"href":"https:\/\/www.antilhuelontue.cl\/index.php?rest_route=%2Fwp%2Fv2%2Fmedia&parent=8543"}],"wp:term":[{"taxonomy":"category","embeddable":true,"href":"https:\/\/www.antilhuelontue.cl\/index.php?rest_route=%2Fwp%2Fv2%2Fcategories&post=8543"},{"taxonomy":"post_tag","embeddable":true,"href":"https:\/\/www.antilhuelontue.cl\/index.php?rest_route=%2Fwp%2Fv2%2Ftags&post=8543"}],"curies":[{"name":"wp","href":"https:\/\/api.w.org\/{rel}","templated":true}]}}