{"id":8550,"date":"2024-08-28T16:57:04","date_gmt":"2024-08-28T20:57:04","guid":{"rendered":"https:\/\/www.antilhuelontue.cl\/?p=8550"},"modified":"2024-08-28T16:57:20","modified_gmt":"2024-08-28T20:57:20","slug":"consejo-empresarial-2024","status":"publish","type":"post","link":"https:\/\/www.antilhuelontue.cl\/?p=8550","title":{"rendered":"Consejo Empresarial 2024"},"content":{"rendered":"\n<p>En el marco de la semana t\u00e9cnico profesional, nuestro colegio particip\u00f3 del consejo empresarial 2024 con el fin de acercar la formaci\u00f3n TP a las nuevas etapas de desarrollo de nuestros y nuestras estudiantes de la especialidad de administraci\u00f3n.<\/p>\n\n\n\n<figure class=\"wp-block-gallery has-nested-images columns-2 is-cropped wp-block-gallery-1 is-layout-flex wp-block-gallery-is-layout-flex\">\n<figure class=\"wp-block-image size-large is-style-default\"><img loading=\"lazy\" decoding=\"async\" width=\"1024\" height=\"768\" data-id=\"8551\" src=\"https:\/\/www.antilhuelontue.cl\/wp-content\/uploads\/2024\/08\/WhatsApp-Image-2024-08-27-at-12.58.11-PM-1-1024x768.jpeg\" alt=\"\" class=\"wp-image-8551\" srcset=\"https:\/\/www.antilhuelontue.cl\/wp-content\/uploads\/2024\/08\/WhatsApp-Image-2024-08-27-at-12.58.11-PM-1-1024x768.jpeg 1024w, https:\/\/www.antilhuelontue.cl\/wp-content\/uploads\/2024\/08\/WhatsApp-Image-2024-08-27-at-12.58.11-PM-1-300x225.jpeg 300w, https:\/\/www.antilhuelontue.cl\/wp-content\/uploads\/2024\/08\/WhatsApp-Image-2024-08-27-at-12.58.11-PM-1-768x576.jpeg 768w, https:\/\/www.antilhuelontue.cl\/wp-content\/uploads\/2024\/08\/WhatsApp-Image-2024-08-27-at-12.58.11-PM-1.jpeg 1152w\" sizes=\"auto, (max-width: 1024px) 100vw, 1024px\" \/><\/figure>\n\n\n\n<figure class=\"wp-block-image size-large is-style-default\"><img loading=\"lazy\" decoding=\"async\" width=\"1024\" height=\"768\" data-id=\"8552\" src=\"https:\/\/www.antilhuelontue.cl\/wp-content\/uploads\/2024\/08\/WhatsApp-Image-2024-08-27-at-12.58.13-PM-1024x768.jpeg\" alt=\"\" class=\"wp-image-8552\" srcset=\"https:\/\/www.antilhuelontue.cl\/wp-content\/uploads\/2024\/08\/WhatsApp-Image-2024-08-27-at-12.58.13-PM-1024x768.jpeg 1024w, https:\/\/www.antilhuelontue.cl\/wp-content\/uploads\/2024\/08\/WhatsApp-Image-2024-08-27-at-12.58.13-PM-300x225.jpeg 300w, https:\/\/www.antilhuelontue.cl\/wp-content\/uploads\/2024\/08\/WhatsApp-Image-2024-08-27-at-12.58.13-PM-768x576.jpeg 768w, https:\/\/www.antilhuelontue.cl\/wp-content\/uploads\/2024\/08\/WhatsApp-Image-2024-08-27-at-12.58.13-PM.jpeg 1152w\" sizes=\"auto, (max-width: 1024px) 100vw, 1024px\" \/><\/figure>\n<\/figure>\n","protected":false},"excerpt":{"rendered":"<p>En el marco de la semana t\u00e9cnico profesional, nuestro colegio particip\u00f3 del consejo empresarial 2024 con el fin de acercar la formaci\u00f3n TP a las nuevas etapas de&hellip; <\/p>\n","protected":false},"author":1,"featured_media":8552,"comment_status":"closed","ping_status":"closed","sticky":false,"template":"","format":"standard","meta":{"footnotes":""},"categories":[44,40,59,34],"tags":[],"class_list":["post-8550","post","type-post","status-publish","format-standard","has-post-thumbnail","hentry","category-admision","category-colegio","category-ensenanza-media","category-especialidad"],"_links":{"self":[{"href":"https:\/\/www.antilhuelontue.cl\/index.php?rest_route=\/wp\/v2\/posts\/8550","targetHints":{"allow":["GET"]}}],"collection":[{"href":"https:\/\/www.antilhuelontue.cl\/index.php?rest_route=\/wp\/v2\/posts"}],"about":[{"href":"https:\/\/www.antilhuelontue.cl\/index.php?rest_route=\/wp\/v2\/types\/post"}],"author":[{"embeddable":true,"href":"https:\/\/www.antilhuelontue.cl\/index.php?rest_route=\/wp\/v2\/users\/1"}],"replies":[{"embeddable":true,"href":"https:\/\/www.antilhuelontue.cl\/index.php?rest_route=%2Fwp%2Fv2%2Fcomments&post=8550"}],"version-history":[{"count":1,"href":"https:\/\/www.antilhuelontue.cl\/index.php?rest_route=\/wp\/v2\/posts\/8550\/revisions"}],"predecessor-version":[{"id":8554,"href":"https:\/\/www.antilhuelontue.cl\/index.php?rest_route=\/wp\/v2\/posts\/8550\/revisions\/8554"}],"wp:featuredmedia":[{"embeddable":true,"href":"https:\/\/www.antilhuelontue.cl\/index.php?rest_route=\/wp\/v2\/media\/8552"}],"wp:attachment":[{"href":"https:\/\/www.antilhuelontue.cl\/index.php?rest_route=%2Fwp%2Fv2%2Fmedia&parent=8550"}],"wp:term":[{"taxonomy":"category","embeddable":true,"href":"https:\/\/www.antilhuelontue.cl\/index.php?rest_route=%2Fwp%2Fv2%2Fcategories&post=8550"},{"taxonomy":"post_tag","embeddable":true,"href":"https:\/\/www.antilhuelontue.cl\/index.php?rest_route=%2Fwp%2Fv2%2Ftags&post=8550"}],"curies":[{"name":"wp","href":"https:\/\/api.w.org\/{rel}","templated":true}]}}