{"id":8946,"date":"2025-05-15T15:31:47","date_gmt":"2025-05-15T19:31:47","guid":{"rendered":"https:\/\/www.antilhuelontue.cl\/?p=8946"},"modified":"2025-08-29T10:56:38","modified_gmt":"2025-08-29T14:56:38","slug":"antilhue-firma-importante-convenio-con-red-futuro-tecnico","status":"publish","type":"post","link":"https:\/\/www.antilhuelontue.cl\/?p=8946","title":{"rendered":"Antilhue firma importante convenio con Red Futuro T\u00e9cnico"},"content":{"rendered":"\n<p>Se firm\u00f3 este jueves 8 de mayo un importante convenio entre nuestro establecimiento, la Red futuro T\u00e9cnico y la Fundaci\u00f3n telef\u00f3nica, que permitir\u00e1 a nuestros estudiantes de cuarto medio de la especialidad puedan acceder totalmente gratis al diplomado \u201cDesarrollo Laboral y Emprendimiento Estrat\u00e9gico\u201d, el cual sin duda permitir\u00e1 potenciar el perfil de egreso de nuestros estudiantes, entreg\u00e1ndoles mayores herramientas para el ingreso al mundo laboral. La firma se llev\u00f3 a cabo en la ciudad de Talca, con la presencia de: Lorena Olivares gerente general y jefa de proyecto de la red \u201cFuturo T\u00e9cnico\u201d, Olga Alarc\u00f3n Gerente de la fundaci\u00f3n Telef\u00f3nica, Cristian Bondfor Seremi(s) regi\u00f3n del Maule, Humberto Mej\u00edas encargado regional de la educaci\u00f3n T\u00e9cnico profesional y en representaci\u00f3n del Colegio t\u00e9cnico Antilhue nuestro Director Fabi\u00e1n Peredo D. Una excelente noticia para nuestra comunidad educativa, en particular para la especialidad de Administraci\u00f3n, de esta manera seguimos avanzando \u201cM\u00e1s oportunidades para un mejor futuro profesional\u201d<\/p>\n\n\n\n<figure class=\"wp-block-gallery has-nested-images columns-default is-cropped wp-block-gallery-1 is-layout-flex wp-block-gallery-is-layout-flex\">\n<figure class=\"wp-block-image size-large\"><img loading=\"lazy\" decoding=\"async\" width=\"834\" height=\"1024\" data-id=\"8947\" src=\"https:\/\/www.antilhuelontue.cl\/wp-content\/uploads\/2025\/05\/WhatsApp-Image-2025-05-15-at-12.45.23-PM-3-834x1024.jpeg\" alt=\"\" class=\"wp-image-8947\" srcset=\"https:\/\/www.antilhuelontue.cl\/wp-content\/uploads\/2025\/05\/WhatsApp-Image-2025-05-15-at-12.45.23-PM-3-834x1024.jpeg 834w, https:\/\/www.antilhuelontue.cl\/wp-content\/uploads\/2025\/05\/WhatsApp-Image-2025-05-15-at-12.45.23-PM-3-244x300.jpeg 244w, https:\/\/www.antilhuelontue.cl\/wp-content\/uploads\/2025\/05\/WhatsApp-Image-2025-05-15-at-12.45.23-PM-3-768x943.jpeg 768w, https:\/\/www.antilhuelontue.cl\/wp-content\/uploads\/2025\/05\/WhatsApp-Image-2025-05-15-at-12.45.23-PM-3.jpeg 1065w\" sizes=\"auto, (max-width: 834px) 100vw, 834px\" \/><\/figure>\n\n\n\n<figure class=\"wp-block-image size-large\"><img loading=\"lazy\" decoding=\"async\" width=\"768\" height=\"1024\" data-id=\"8948\" src=\"https:\/\/www.antilhuelontue.cl\/wp-content\/uploads\/2025\/05\/WhatsApp-Image-2025-05-15-at-12.45.23-PM-2-768x1024.jpeg\" alt=\"\" class=\"wp-image-8948\" srcset=\"https:\/\/www.antilhuelontue.cl\/wp-content\/uploads\/2025\/05\/WhatsApp-Image-2025-05-15-at-12.45.23-PM-2-768x1024.jpeg 768w, https:\/\/www.antilhuelontue.cl\/wp-content\/uploads\/2025\/05\/WhatsApp-Image-2025-05-15-at-12.45.23-PM-2-225x300.jpeg 225w, https:\/\/www.antilhuelontue.cl\/wp-content\/uploads\/2025\/05\/WhatsApp-Image-2025-05-15-at-12.45.23-PM-2.jpeg 1102w\" sizes=\"auto, (max-width: 768px) 100vw, 768px\" \/><\/figure>\n\n\n\n<figure class=\"wp-block-image size-large\"><img loading=\"lazy\" decoding=\"async\" width=\"801\" height=\"1024\" data-id=\"8949\" src=\"https:\/\/www.antilhuelontue.cl\/wp-content\/uploads\/2025\/05\/WhatsApp-Image-2025-05-15-at-12.45.23-PM-1-801x1024.jpeg\" alt=\"\" class=\"wp-image-8949\" srcset=\"https:\/\/www.antilhuelontue.cl\/wp-content\/uploads\/2025\/05\/WhatsApp-Image-2025-05-15-at-12.45.23-PM-1-801x1024.jpeg 801w, https:\/\/www.antilhuelontue.cl\/wp-content\/uploads\/2025\/05\/WhatsApp-Image-2025-05-15-at-12.45.23-PM-1-235x300.jpeg 235w, https:\/\/www.antilhuelontue.cl\/wp-content\/uploads\/2025\/05\/WhatsApp-Image-2025-05-15-at-12.45.23-PM-1-768x981.jpeg 768w, https:\/\/www.antilhuelontue.cl\/wp-content\/uploads\/2025\/05\/WhatsApp-Image-2025-05-15-at-12.45.23-PM-1.jpeg 1083w\" sizes=\"auto, (max-width: 801px) 100vw, 801px\" \/><\/figure>\n\n\n\n<figure class=\"wp-block-image size-large\"><img loading=\"lazy\" decoding=\"async\" width=\"1024\" height=\"1024\" data-id=\"8950\" src=\"https:\/\/www.antilhuelontue.cl\/wp-content\/uploads\/2025\/05\/WhatsApp-Image-2025-05-15-at-12.45.23-PM-1024x1024.jpeg\" alt=\"\" class=\"wp-image-8950\" srcset=\"https:\/\/www.antilhuelontue.cl\/wp-content\/uploads\/2025\/05\/WhatsApp-Image-2025-05-15-at-12.45.23-PM-1024x1024.jpeg 1024w, https:\/\/www.antilhuelontue.cl\/wp-content\/uploads\/2025\/05\/WhatsApp-Image-2025-05-15-at-12.45.23-PM-300x300.jpeg 300w, https:\/\/www.antilhuelontue.cl\/wp-content\/uploads\/2025\/05\/WhatsApp-Image-2025-05-15-at-12.45.23-PM-150x150.jpeg 150w, https:\/\/www.antilhuelontue.cl\/wp-content\/uploads\/2025\/05\/WhatsApp-Image-2025-05-15-at-12.45.23-PM-768x768.jpeg 768w, https:\/\/www.antilhuelontue.cl\/wp-content\/uploads\/2025\/05\/WhatsApp-Image-2025-05-15-at-12.45.23-PM.jpeg 1103w\" sizes=\"auto, (max-width: 1024px) 100vw, 1024px\" \/><\/figure>\n<\/figure>\n","protected":false},"excerpt":{"rendered":"<p>Se firm\u00f3 este jueves 8 de mayo un importante convenio entre nuestro establecimiento, la Red futuro T\u00e9cnico y la Fundaci\u00f3n telef\u00f3nica, que permitir\u00e1 a nuestros estudiantes de cuarto&hellip; <\/p>\n","protected":false},"author":1,"featured_media":8948,"comment_status":"closed","ping_status":"closed","sticky":false,"template":"","format":"standard","meta":{"footnotes":""},"categories":[40,59,34],"tags":[],"class_list":["post-8946","post","type-post","status-publish","format-standard","has-post-thumbnail","hentry","category-colegio","category-ensenanza-media","category-especialidad"],"_links":{"self":[{"href":"https:\/\/www.antilhuelontue.cl\/index.php?rest_route=\/wp\/v2\/posts\/8946","targetHints":{"allow":["GET"]}}],"collection":[{"href":"https:\/\/www.antilhuelontue.cl\/index.php?rest_route=\/wp\/v2\/posts"}],"about":[{"href":"https:\/\/www.antilhuelontue.cl\/index.php?rest_route=\/wp\/v2\/types\/post"}],"author":[{"embeddable":true,"href":"https:\/\/www.antilhuelontue.cl\/index.php?rest_route=\/wp\/v2\/users\/1"}],"replies":[{"embeddable":true,"href":"https:\/\/www.antilhuelontue.cl\/index.php?rest_route=%2Fwp%2Fv2%2Fcomments&post=8946"}],"version-history":[{"count":1,"href":"https:\/\/www.antilhuelontue.cl\/index.php?rest_route=\/wp\/v2\/posts\/8946\/revisions"}],"predecessor-version":[{"id":8951,"href":"https:\/\/www.antilhuelontue.cl\/index.php?rest_route=\/wp\/v2\/posts\/8946\/revisions\/8951"}],"wp:featuredmedia":[{"embeddable":true,"href":"https:\/\/www.antilhuelontue.cl\/index.php?rest_route=\/wp\/v2\/media\/8948"}],"wp:attachment":[{"href":"https:\/\/www.antilhuelontue.cl\/index.php?rest_route=%2Fwp%2Fv2%2Fmedia&parent=8946"}],"wp:term":[{"taxonomy":"category","embeddable":true,"href":"https:\/\/www.antilhuelontue.cl\/index.php?rest_route=%2Fwp%2Fv2%2Fcategories&post=8946"},{"taxonomy":"post_tag","embeddable":true,"href":"https:\/\/www.antilhuelontue.cl\/index.php?rest_route=%2Fwp%2Fv2%2Ftags&post=8946"}],"curies":[{"name":"wp","href":"https:\/\/api.w.org\/{rel}","templated":true}]}}