{"id":8962,"date":"2025-06-05T11:03:03","date_gmt":"2025-06-05T15:03:03","guid":{"rendered":"https:\/\/www.antilhuelontue.cl\/?p=8962"},"modified":"2025-08-29T10:56:33","modified_gmt":"2025-08-29T14:56:33","slug":"antilhue-inicia-programa-de-alternancia-junto-inacap-sede-curico","status":"publish","type":"post","link":"https:\/\/www.antilhuelontue.cl\/?p=8962","title":{"rendered":"Iniciamos programa de alternancia junto INACAP Sede Curic\u00f3."},"content":{"rendered":"\n<p>Este viernes 30 de Mayo marcamos un nuevo paso en el fortalecimiento de la Educaci\u00f3n T\u00e9cnico Profesional. Dimos inicio al Programa de Alternancia con INACAP sede Curic\u00f3, con estudiantes de la especialidad de Administraci\u00f3n en Recursos Humanos.<\/p>\n\n\n\n<p>Como hito relevante de esta alianza, se realiz\u00f3 la firma del convenio de Alternancia entre ambas instituciones. El acuerdo fue sellado por Marcelo Valdivia Quevedo, Vicerrector de INACAP Sede Curic\u00f3, y Fabi\u00e1n Peredo Due\u00f1a, Director del Colegio T\u00e9cnico Antilhue.<\/p>\n\n\n\n<p>Esta colaboraci\u00f3n permitir\u00e1 que los estudiantes vivan experiencias formativas reales en el entorno educativo, fortaleciendo sus competencias y ampliando sus proyecciones de futuro.<\/p>\n\n\n\n<figure class=\"wp-block-gallery has-nested-images columns-default is-cropped wp-block-gallery-1 is-layout-flex wp-block-gallery-is-layout-flex\">\n<figure class=\"wp-block-image size-large\"><img loading=\"lazy\" decoding=\"async\" width=\"819\" height=\"1024\" data-id=\"8963\" src=\"https:\/\/www.antilhuelontue.cl\/wp-content\/uploads\/2025\/06\/WhatsApp-Image-2025-06-05-at-10.46.01-AM-2-819x1024.jpeg\" alt=\"\" class=\"wp-image-8963\" srcset=\"https:\/\/www.antilhuelontue.cl\/wp-content\/uploads\/2025\/06\/WhatsApp-Image-2025-06-05-at-10.46.01-AM-2-819x1024.jpeg 819w, https:\/\/www.antilhuelontue.cl\/wp-content\/uploads\/2025\/06\/WhatsApp-Image-2025-06-05-at-10.46.01-AM-2-240x300.jpeg 240w, https:\/\/www.antilhuelontue.cl\/wp-content\/uploads\/2025\/06\/WhatsApp-Image-2025-06-05-at-10.46.01-AM-2-768x960.jpeg 768w, https:\/\/www.antilhuelontue.cl\/wp-content\/uploads\/2025\/06\/WhatsApp-Image-2025-06-05-at-10.46.01-AM-2.jpeg 1200w\" sizes=\"auto, (max-width: 819px) 100vw, 819px\" \/><\/figure>\n\n\n\n<figure class=\"wp-block-image size-large\"><img loading=\"lazy\" decoding=\"async\" width=\"819\" height=\"1024\" data-id=\"8966\" src=\"https:\/\/www.antilhuelontue.cl\/wp-content\/uploads\/2025\/06\/WhatsApp-Image-2025-06-05-at-10.46.01-AM-1-819x1024.jpeg\" alt=\"\" class=\"wp-image-8966\" srcset=\"https:\/\/www.antilhuelontue.cl\/wp-content\/uploads\/2025\/06\/WhatsApp-Image-2025-06-05-at-10.46.01-AM-1-819x1024.jpeg 819w, https:\/\/www.antilhuelontue.cl\/wp-content\/uploads\/2025\/06\/WhatsApp-Image-2025-06-05-at-10.46.01-AM-1-240x300.jpeg 240w, https:\/\/www.antilhuelontue.cl\/wp-content\/uploads\/2025\/06\/WhatsApp-Image-2025-06-05-at-10.46.01-AM-1-768x960.jpeg 768w, https:\/\/www.antilhuelontue.cl\/wp-content\/uploads\/2025\/06\/WhatsApp-Image-2025-06-05-at-10.46.01-AM-1.jpeg 1200w\" sizes=\"auto, (max-width: 819px) 100vw, 819px\" \/><\/figure>\n\n\n\n<figure class=\"wp-block-image size-large\"><img loading=\"lazy\" decoding=\"async\" width=\"819\" height=\"1024\" data-id=\"8965\" src=\"https:\/\/www.antilhuelontue.cl\/wp-content\/uploads\/2025\/06\/WhatsApp-Image-2025-06-05-at-10.46.01-AM-819x1024.jpeg\" alt=\"\" class=\"wp-image-8965\" srcset=\"https:\/\/www.antilhuelontue.cl\/wp-content\/uploads\/2025\/06\/WhatsApp-Image-2025-06-05-at-10.46.01-AM-819x1024.jpeg 819w, https:\/\/www.antilhuelontue.cl\/wp-content\/uploads\/2025\/06\/WhatsApp-Image-2025-06-05-at-10.46.01-AM-240x300.jpeg 240w, https:\/\/www.antilhuelontue.cl\/wp-content\/uploads\/2025\/06\/WhatsApp-Image-2025-06-05-at-10.46.01-AM-768x960.jpeg 768w, https:\/\/www.antilhuelontue.cl\/wp-content\/uploads\/2025\/06\/WhatsApp-Image-2025-06-05-at-10.46.01-AM.jpeg 1200w\" sizes=\"auto, (max-width: 819px) 100vw, 819px\" \/><\/figure>\n\n\n\n<figure class=\"wp-block-image size-large\"><img loading=\"lazy\" decoding=\"async\" width=\"819\" height=\"1024\" data-id=\"8964\" src=\"https:\/\/www.antilhuelontue.cl\/wp-content\/uploads\/2025\/06\/WhatsApp-Image-2025-06-05-at-10.46.00-AM-1-819x1024.jpeg\" alt=\"\" class=\"wp-image-8964\" srcset=\"https:\/\/www.antilhuelontue.cl\/wp-content\/uploads\/2025\/06\/WhatsApp-Image-2025-06-05-at-10.46.00-AM-1-819x1024.jpeg 819w, https:\/\/www.antilhuelontue.cl\/wp-content\/uploads\/2025\/06\/WhatsApp-Image-2025-06-05-at-10.46.00-AM-1-240x300.jpeg 240w, https:\/\/www.antilhuelontue.cl\/wp-content\/uploads\/2025\/06\/WhatsApp-Image-2025-06-05-at-10.46.00-AM-1-768x960.jpeg 768w, https:\/\/www.antilhuelontue.cl\/wp-content\/uploads\/2025\/06\/WhatsApp-Image-2025-06-05-at-10.46.00-AM-1.jpeg 1200w\" sizes=\"auto, (max-width: 819px) 100vw, 819px\" \/><\/figure>\n\n\n\n<figure class=\"wp-block-image size-large\"><img loading=\"lazy\" decoding=\"async\" width=\"819\" height=\"1024\" data-id=\"8967\" src=\"https:\/\/www.antilhuelontue.cl\/wp-content\/uploads\/2025\/06\/WhatsApp-Image-2025-06-05-at-10.46.00-AM-819x1024.jpeg\" alt=\"\" class=\"wp-image-8967\" srcset=\"https:\/\/www.antilhuelontue.cl\/wp-content\/uploads\/2025\/06\/WhatsApp-Image-2025-06-05-at-10.46.00-AM-819x1024.jpeg 819w, https:\/\/www.antilhuelontue.cl\/wp-content\/uploads\/2025\/06\/WhatsApp-Image-2025-06-05-at-10.46.00-AM-240x300.jpeg 240w, https:\/\/www.antilhuelontue.cl\/wp-content\/uploads\/2025\/06\/WhatsApp-Image-2025-06-05-at-10.46.00-AM-768x960.jpeg 768w, https:\/\/www.antilhuelontue.cl\/wp-content\/uploads\/2025\/06\/WhatsApp-Image-2025-06-05-at-10.46.00-AM.jpeg 1200w\" sizes=\"auto, (max-width: 819px) 100vw, 819px\" \/><\/figure>\n<\/figure>\n","protected":false},"excerpt":{"rendered":"<p>Este viernes 30 de Mayo marcamos un nuevo paso en el fortalecimiento de la Educaci\u00f3n T\u00e9cnico Profesional. Dimos inicio al Programa de Alternancia con INACAP sede Curic\u00f3, con&hellip; <\/p>\n","protected":false},"author":1,"featured_media":8967,"comment_status":"closed","ping_status":"closed","sticky":false,"template":"","format":"standard","meta":{"footnotes":""},"categories":[40,1,79],"tags":[],"class_list":["post-8962","post","type-post","status-publish","format-standard","has-post-thumbnail","hentry","category-colegio","category-dire","category-vinculacion-con-el-medio"],"_links":{"self":[{"href":"https:\/\/www.antilhuelontue.cl\/index.php?rest_route=\/wp\/v2\/posts\/8962","targetHints":{"allow":["GET"]}}],"collection":[{"href":"https:\/\/www.antilhuelontue.cl\/index.php?rest_route=\/wp\/v2\/posts"}],"about":[{"href":"https:\/\/www.antilhuelontue.cl\/index.php?rest_route=\/wp\/v2\/types\/post"}],"author":[{"embeddable":true,"href":"https:\/\/www.antilhuelontue.cl\/index.php?rest_route=\/wp\/v2\/users\/1"}],"replies":[{"embeddable":true,"href":"https:\/\/www.antilhuelontue.cl\/index.php?rest_route=%2Fwp%2Fv2%2Fcomments&post=8962"}],"version-history":[{"count":4,"href":"https:\/\/www.antilhuelontue.cl\/index.php?rest_route=\/wp\/v2\/posts\/8962\/revisions"}],"predecessor-version":[{"id":8971,"href":"https:\/\/www.antilhuelontue.cl\/index.php?rest_route=\/wp\/v2\/posts\/8962\/revisions\/8971"}],"wp:featuredmedia":[{"embeddable":true,"href":"https:\/\/www.antilhuelontue.cl\/index.php?rest_route=\/wp\/v2\/media\/8967"}],"wp:attachment":[{"href":"https:\/\/www.antilhuelontue.cl\/index.php?rest_route=%2Fwp%2Fv2%2Fmedia&parent=8962"}],"wp:term":[{"taxonomy":"category","embeddable":true,"href":"https:\/\/www.antilhuelontue.cl\/index.php?rest_route=%2Fwp%2Fv2%2Fcategories&post=8962"},{"taxonomy":"post_tag","embeddable":true,"href":"https:\/\/www.antilhuelontue.cl\/index.php?rest_route=%2Fwp%2Fv2%2Ftags&post=8962"}],"curies":[{"name":"wp","href":"https:\/\/api.w.org\/{rel}","templated":true}]}}